{"id":1243,"date":"2012-11-30T16:16:29","date_gmt":"2012-11-30T16:16:29","guid":{"rendered":"http:\/\/minicrm.pl\/blog\/?p=1243"},"modified":"2014-10-13T18:38:28","modified_gmt":"2014-10-13T18:38:28","slug":"wiecej-informacji-o-osobie-firmie-interesie-z-polami-dodatkowymi","status":"publish","type":"post","link":"https:\/\/minicrm.pl\/blog\/wiecej-informacji-o-osobie-firmie-interesie-z-polami-dodatkowymi\/","title":{"rendered":"Wi\u0119cej informacji o osobie, firmie, interesie z polami dodatkowymi"},"content":{"rendered":"<p><strong>Wype\u0142nianie formularza dodawania nowej osoby, firmy lub&nbsp;interesu, wi\u0105\u017ce si\u0119&nbsp;z&nbsp;uzupe\u0142nianiem poszczeg\u00f3lnych p\u00f3l. Dzi\u0119ki nim&nbsp;jeste\u015bcie w&nbsp;stanie wprowadzi\u0107 mo\u017cliwie najwi\u0119cej, przydatnych informacji. miniCRM posiada jednak jeszcze jedn\u0105 mo\u017cliwo\u015b\u0107, dzi\u0119ki kt\u00f3rej stan\u0105 si\u0119&nbsp;one&nbsp;bardziej szczeg\u00f3\u0142owe.<\/strong> <!--more--><\/p>\n<p>Ustawienia miniCRM daj\u0105 mo\u017cliwo\u015b\u0107 dostosowania aplikacji do&nbsp;w\u0142asnych potrzeb. Jedn\u0105 z&nbsp;nich jest \u201epole dodatkowe\u201d. Ka\u017cdy z&nbsp;was&nbsp;podczas u\u017cytkowania miniCRM w&nbsp;wersji MEDIUM lub&nbsp;LARGE ma&nbsp;mo\u017cliwo\u015b\u0107 przypisania dowolnej liczby p\u00f3l&nbsp;dodatkowych dla&nbsp;nowo dodanych lub&nbsp;edytowalnych <strong>interes\u00f3w<\/strong> oraz <strong>kontakt\u00f3w; os\u00f3b i&nbsp;firm<\/strong>.<\/p>\n<p align=\"JUSTIFY\"><strong>1.<\/strong> Aby&nbsp;stworzy\u0107 pole dodatkowe nale\u017cy najpierw nada\u0107 mu&nbsp;odpowiedni\u0105 nazw\u0119<\/p>\n<p><img decoding=\"async\" class=\"alignnone wp-image-1261 size-medium\" title=\"Ustawienia - Pola dodatkowe - miniCRM1\" src=\"https:\/\/minicrm.pl\/blog\/wp-content\/uploads\/2012\/11\/Ustawienia-Pola-dodatkowe-miniCRM1-300x107.png\" alt=\"\" \/><\/p>\n<p><strong>2.<\/strong> Nast\u0119pnie nale\u017cy okre\u015bli\u0107 typ&nbsp;pola. Do&nbsp;wyboru s\u0105: <strong>pole tekstowe<\/strong>, <strong>wyb\u00f3r z&nbsp;listy<\/strong>, <strong>pole wielokrotnego wyboru<\/strong>.<\/p>\n<p><img loading=\"lazy\" decoding=\"async\" width=\"300\" height=\"106\" class=\"alignnone wp-image-1262\" title=\"Ustawienia - Pola dodatkowe - miniCRM2\" src=\"https:\/\/minicrm.pl\/blog\/wp-content\/uploads\/2012\/11\/Ustawienia-Pola-dodatkowe-miniCRM2-300x106.png\" alt=\"\" srcset=\"https:\/\/minicrm.pl\/blog\/wp-content\/uploads\/2012\/11\/Ustawienia-Pola-dodatkowe-miniCRM2-300x106.png 300w, https:\/\/minicrm.pl\/blog\/wp-content\/uploads\/2012\/11\/Ustawienia-Pola-dodatkowe-miniCRM2.png 463w\" sizes=\"(max-width: 300px) 100vw, 300px\" \/><\/p>\n<p>Je\u015bli wybierzecie typ&nbsp;pola \u201ewybierz z&nbsp;listy\u201d lub&nbsp;\u201epole wielokrotnego wyboru\u201d nale\u017cy doda\u0107 odpowiednie pola do&nbsp;list. Mo\u017cecie to&nbsp;zrobi\u0107 klikaj\u0105c w&nbsp;odno\u015bnik \u201edodaj opcj\u0119\u201d i&nbsp;wpisa\u0107 punkty zwi\u0105zane z&nbsp;charakterystyk\u0105 tworzonego pola dodatkowego.<\/p>\n<p><img decoding=\"async\" class=\"alignnone wp-image-1263\" title=\"Ustawienia - Pola dodatkowe - miniCRM4\" src=\"https:\/\/minicrm.pl\/blog\/wp-content\/uploads\/2012\/11\/Ustawienia-Pola-dodatkowe-miniCRM4-300x125.png\" alt=\"\" \/><\/p>\n<p><img loading=\"lazy\" decoding=\"async\" width=\"300\" height=\"178\" class=\"alignnone wp-image-1264\" title=\"Ustawienia - Pola dodatkowe - miniCRM5\" src=\"https:\/\/minicrm.pl\/blog\/wp-content\/uploads\/2012\/11\/Ustawienia-Pola-dodatkowe-miniCRM5-300x178.png\" alt=\"\" srcset=\"https:\/\/minicrm.pl\/blog\/wp-content\/uploads\/2012\/11\/Ustawienia-Pola-dodatkowe-miniCRM5-300x178.png 300w, https:\/\/minicrm.pl\/blog\/wp-content\/uploads\/2012\/11\/Ustawienia-Pola-dodatkowe-miniCRM5.png 490w\" sizes=\"(max-width: 300px) 100vw, 300px\" \/><\/p>\n<p align=\"JUSTIFY\"><strong>3.<\/strong> Dodaj\u0105c \u201epole dodatkowe\u201d nale\u017cy tak\u017ce wskaza\u0107 miejsce jego pojawienia si\u0119&nbsp;w&nbsp;poszczeg\u00f3lnym formularzu osoby, firmy lub&nbsp;interesu.<\/p>\n<p>\u00a0<img loading=\"lazy\" decoding=\"async\" width=\"300\" height=\"123\" class=\"alignnone wp-image-1265 size-medium\" title=\"Ustawienia - Pola dodatkowe - miniCRM3\" src=\"https:\/\/minicrm.pl\/blog\/wp-content\/uploads\/2012\/11\/Ustawienia-Pola-dodatkowe-miniCRM3-300x123.png\" alt=\"\" srcset=\"https:\/\/minicrm.pl\/blog\/wp-content\/uploads\/2012\/11\/Ustawienia-Pola-dodatkowe-miniCRM3-300x123.png 300w, https:\/\/minicrm.pl\/blog\/wp-content\/uploads\/2012\/11\/Ustawienia-Pola-dodatkowe-miniCRM3.png 447w\" sizes=\"(max-width: 300px) 100vw, 300px\" \/><br \/>\nPole dodatkowe mo\u017ce zast\u0119powa\u0107 np. filtrowanie, nad&nbsp;kt\u00f3rym obecnie pracujemy.<\/p>\n<p>&nbsp;<\/p>\n","protected":false},"excerpt":{"rendered":"<p>Wype\u0142nianie formularza dodawania nowej osoby, firmy lub&nbsp;interesu, wi\u0105\u017ce si\u0119&nbsp;z&nbsp;uzupe\u0142nianiem poszczeg\u00f3lnych p\u00f3l. Dzi\u0119ki nim&nbsp;jeste\u015bcie w&nbsp;stanie wprowadzi\u0107 mo\u017cliwie najwi\u0119cej, przydatnych informacji. miniCRM posiada jednak jeszcze jedn\u0105 mo\u017cliwo\u015b\u0107, dzi\u0119ki kt\u00f3rej stan\u0105 si\u0119&nbsp;one&nbsp;bardziej szczeg\u00f3\u0142owe.<\/p>\n","protected":false},"author":1,"featured_media":0,"comment_status":"open","ping_status":"open","sticky":false,"template":"","format":"standard","meta":{"footnotes":""},"categories":[1],"tags":[],"class_list":["post-1243","post","type-post","status-publish","format-standard","hentry","category-nowosc"],"yoast_head":"<!-- This site is optimized with the Yoast SEO plugin v28.2 - https:\/\/yoast.com\/product\/yoast-seo-wordpress\/ -->\n<title>Wi\u0119cej informacji o osobie, firmie, interesie z polami dodatkowymi<\/title>\n<meta name=\"description\" content=\"Wype\u0142nianie formularza dodawania nowej osoby, firmy lub interesu, wi\u0105\u017ce si\u0119 z uzupe\u0142nianiem poszczeg\u00f3lnych p\u00f3l. Dzi\u0119ki nim jeste\u015bcie w stanie wprowadzi\u0107\" \/>\n<meta name=\"robots\" content=\"index, follow, max-snippet:-1, max-image-preview:large, max-video-preview:-1\" \/>\n<link rel=\"canonical\" href=\"https:\/\/minicrm.pl\/blog\/wiecej-informacji-o-osobie-firmie-interesie-z-polami-dodatkowymi\/\" \/>\n<meta property=\"og:locale\" content=\"pl_PL\" \/>\n<meta property=\"og:type\" content=\"article\" \/>\n<meta property=\"og:title\" content=\"Wi\u0119cej informacji o osobie, firmie, interesie z polami dodatkowymi\" \/>\n<meta property=\"og:description\" content=\"Wype\u0142nianie formularza dodawania nowej osoby, firmy lub interesu, wi\u0105\u017ce si\u0119 z uzupe\u0142nianiem poszczeg\u00f3lnych p\u00f3l. Dzi\u0119ki nim jeste\u015bcie w stanie wprowadzi\u0107\" \/>\n<meta property=\"og:url\" content=\"https:\/\/minicrm.pl\/blog\/wiecej-informacji-o-osobie-firmie-interesie-z-polami-dodatkowymi\/\" \/>\n<meta property=\"og:site_name\" content=\"Blog miniCRM \u2013 Prosty CRM online\" \/>\n<meta property=\"article:publisher\" content=\"https:\/\/www.facebook.com\/minicrm\" \/>\n<meta property=\"article:author\" content=\"https:\/\/www.facebook.com\/maksymilian.sleziak\" \/>\n<meta property=\"article:published_time\" content=\"2012-11-30T16:16:29+00:00\" \/>\n<meta property=\"article:modified_time\" content=\"2014-10-13T18:38:28+00:00\" \/>\n<meta property=\"og:image\" content=\"https:\/\/minicrm.pl\/blog\/wp-content\/uploads\/2012\/11\/Ustawienia-Pola-dodatkowe-miniCRM1-300x107.png\" \/>\n<meta name=\"author\" content=\"maxbmx\" \/>\n<meta name=\"twitter:card\" content=\"summary_large_image\" \/>\n<meta name=\"twitter:creator\" content=\"@maxbmx\" \/>\n<meta name=\"twitter:site\" content=\"@minicrm_pl\" \/>\n<meta name=\"twitter:label1\" content=\"Napisane przez\" \/>\n\t<meta name=\"twitter:data1\" content=\"maxbmx\" \/>\n\t<meta name=\"twitter:label2\" content=\"Szacowany czas czytania\" \/>\n\t<meta name=\"twitter:data2\" content=\"1 minuta\" \/>\n<script type=\"application\/ld+json\" class=\"yoast-schema-graph\">{\"@context\":\"https:\\\/\\\/schema.org\",\"@graph\":[{\"@type\":\"Article\",\"@id\":\"https:\\\/\\\/minicrm.pl\\\/blog\\\/wiecej-informacji-o-osobie-firmie-interesie-z-polami-dodatkowymi\\\/#article\",\"isPartOf\":{\"@id\":\"https:\\\/\\\/minicrm.pl\\\/blog\\\/wiecej-informacji-o-osobie-firmie-interesie-z-polami-dodatkowymi\\\/\"},\"author\":{\"name\":\"maxbmx\",\"@id\":\"https:\\\/\\\/minicrm.pl\\\/blog\\\/#\\\/schema\\\/person\\\/f8d4f3caec9d2d6a0f1890442cf2bcf3\"},\"headline\":\"Wi\u0119cej informacji o osobie, firmie, interesie z polami dodatkowymi\",\"datePublished\":\"2012-11-30T16:16:29+00:00\",\"dateModified\":\"2014-10-13T18:38:28+00:00\",\"mainEntityOfPage\":{\"@id\":\"https:\\\/\\\/minicrm.pl\\\/blog\\\/wiecej-informacji-o-osobie-firmie-interesie-z-polami-dodatkowymi\\\/\"},\"wordCount\":219,\"commentCount\":0,\"image\":{\"@id\":\"https:\\\/\\\/minicrm.pl\\\/blog\\\/wiecej-informacji-o-osobie-firmie-interesie-z-polami-dodatkowymi\\\/#primaryimage\"},\"thumbnailUrl\":\"https:\\\/\\\/minicrm.pl\\\/blog\\\/wp-content\\\/uploads\\\/2012\\\/11\\\/Ustawienia-Pola-dodatkowe-miniCRM1-300x107.png\",\"articleSection\":[\"Nowo\u015bci\"],\"inLanguage\":\"pl-PL\",\"potentialAction\":[{\"@type\":\"CommentAction\",\"name\":\"Comment\",\"target\":[\"https:\\\/\\\/minicrm.pl\\\/blog\\\/wiecej-informacji-o-osobie-firmie-interesie-z-polami-dodatkowymi\\\/#respond\"]}]},{\"@type\":\"WebPage\",\"@id\":\"https:\\\/\\\/minicrm.pl\\\/blog\\\/wiecej-informacji-o-osobie-firmie-interesie-z-polami-dodatkowymi\\\/\",\"url\":\"https:\\\/\\\/minicrm.pl\\\/blog\\\/wiecej-informacji-o-osobie-firmie-interesie-z-polami-dodatkowymi\\\/\",\"name\":\"Wi\u0119cej informacji o osobie, firmie, interesie z polami dodatkowymi\",\"isPartOf\":{\"@id\":\"https:\\\/\\\/minicrm.pl\\\/blog\\\/#website\"},\"primaryImageOfPage\":{\"@id\":\"https:\\\/\\\/minicrm.pl\\\/blog\\\/wiecej-informacji-o-osobie-firmie-interesie-z-polami-dodatkowymi\\\/#primaryimage\"},\"image\":{\"@id\":\"https:\\\/\\\/minicrm.pl\\\/blog\\\/wiecej-informacji-o-osobie-firmie-interesie-z-polami-dodatkowymi\\\/#primaryimage\"},\"thumbnailUrl\":\"https:\\\/\\\/minicrm.pl\\\/blog\\\/wp-content\\\/uploads\\\/2012\\\/11\\\/Ustawienia-Pola-dodatkowe-miniCRM1-300x107.png\",\"datePublished\":\"2012-11-30T16:16:29+00:00\",\"dateModified\":\"2014-10-13T18:38:28+00:00\",\"author\":{\"@id\":\"https:\\\/\\\/minicrm.pl\\\/blog\\\/#\\\/schema\\\/person\\\/f8d4f3caec9d2d6a0f1890442cf2bcf3\"},\"description\":\"Wype\u0142nianie formularza dodawania nowej osoby, firmy lub interesu, wi\u0105\u017ce si\u0119 z uzupe\u0142nianiem poszczeg\u00f3lnych p\u00f3l. Dzi\u0119ki nim jeste\u015bcie w stanie wprowadzi\u0107\",\"breadcrumb\":{\"@id\":\"https:\\\/\\\/minicrm.pl\\\/blog\\\/wiecej-informacji-o-osobie-firmie-interesie-z-polami-dodatkowymi\\\/#breadcrumb\"},\"inLanguage\":\"pl-PL\",\"potentialAction\":[{\"@type\":\"ReadAction\",\"target\":[\"https:\\\/\\\/minicrm.pl\\\/blog\\\/wiecej-informacji-o-osobie-firmie-interesie-z-polami-dodatkowymi\\\/\"]}]},{\"@type\":\"ImageObject\",\"inLanguage\":\"pl-PL\",\"@id\":\"https:\\\/\\\/minicrm.pl\\\/blog\\\/wiecej-informacji-o-osobie-firmie-interesie-z-polami-dodatkowymi\\\/#primaryimage\",\"url\":\"https:\\\/\\\/minicrm.pl\\\/blog\\\/wp-content\\\/uploads\\\/2012\\\/11\\\/Ustawienia-Pola-dodatkowe-miniCRM1.png\",\"contentUrl\":\"https:\\\/\\\/minicrm.pl\\\/blog\\\/wp-content\\\/uploads\\\/2012\\\/11\\\/Ustawienia-Pola-dodatkowe-miniCRM1.png\",\"width\":452,\"height\":162},{\"@type\":\"BreadcrumbList\",\"@id\":\"https:\\\/\\\/minicrm.pl\\\/blog\\\/wiecej-informacji-o-osobie-firmie-interesie-z-polami-dodatkowymi\\\/#breadcrumb\",\"itemListElement\":[{\"@type\":\"ListItem\",\"position\":1,\"name\":\"Strona g\u0142\u00f3wna\",\"item\":\"https:\\\/\\\/minicrm.pl\\\/blog\\\/\"},{\"@type\":\"ListItem\",\"position\":2,\"name\":\"Wi\u0119cej informacji o osobie, firmie, interesie z polami dodatkowymi\"}]},{\"@type\":\"WebSite\",\"@id\":\"https:\\\/\\\/minicrm.pl\\\/blog\\\/#website\",\"url\":\"https:\\\/\\\/minicrm.pl\\\/blog\\\/\",\"name\":\"Blog miniCRM \u2013 Prosty CRM online\",\"description\":\"Porady i ciekawe informacje na temat prowadzenia firmy, produktywno\u015bci i nowo\u015bci w miniCRM - Prostym CRM online dla ma\u0142ych firm.\",\"potentialAction\":[{\"@type\":\"SearchAction\",\"target\":{\"@type\":\"EntryPoint\",\"urlTemplate\":\"https:\\\/\\\/minicrm.pl\\\/blog\\\/?s={search_term_string}\"},\"query-input\":{\"@type\":\"PropertyValueSpecification\",\"valueRequired\":true,\"valueName\":\"search_term_string\"}}],\"inLanguage\":\"pl-PL\"},{\"@type\":\"Person\",\"@id\":\"https:\\\/\\\/minicrm.pl\\\/blog\\\/#\\\/schema\\\/person\\\/f8d4f3caec9d2d6a0f1890442cf2bcf3\",\"name\":\"maxbmx\",\"image\":{\"@type\":\"ImageObject\",\"inLanguage\":\"pl-PL\",\"@id\":\"https:\\\/\\\/secure.gravatar.com\\\/avatar\\\/196feecd67a35cc67907aaeaa937ea4d349865d191fe42461f41eb9a1c012346?s=96&d=mm&r=g\",\"url\":\"https:\\\/\\\/secure.gravatar.com\\\/avatar\\\/196feecd67a35cc67907aaeaa937ea4d349865d191fe42461f41eb9a1c012346?s=96&d=mm&r=g\",\"contentUrl\":\"https:\\\/\\\/secure.gravatar.com\\\/avatar\\\/196feecd67a35cc67907aaeaa937ea4d349865d191fe42461f41eb9a1c012346?s=96&d=mm&r=g\",\"caption\":\"maxbmx\"},\"description\":\"W bran\u017cy internetowej od 10 lat. W miniCRM odpowiedzialny za rozw\u00f3j aplikacji i dzia\u0142ania promocyjne. Prywatnie interesuje si\u0119 kolarstwem g\u00f3rskim i sprz\u0119tem Apple.\",\"sameAs\":[\"http:\\\/\\\/minicrm.pl\",\"https:\\\/\\\/www.facebook.com\\\/maksymilian.sleziak\",\"https:\\\/\\\/x.com\\\/maxbmx\"],\"url\":\"https:\\\/\\\/minicrm.pl\\\/blog\\\/author\\\/maxbmx\\\/\"}]}<\/script>\n<!-- \/ Yoast SEO plugin. -->","yoast_head_json":{"title":"Wi\u0119cej informacji o osobie, firmie, interesie z polami dodatkowymi","description":"Wype\u0142nianie formularza dodawania nowej osoby, firmy lub interesu, wi\u0105\u017ce si\u0119 z uzupe\u0142nianiem poszczeg\u00f3lnych p\u00f3l. Dzi\u0119ki nim jeste\u015bcie w stanie wprowadzi\u0107","robots":{"index":"index","follow":"follow","max-snippet":"max-snippet:-1","max-image-preview":"max-image-preview:large","max-video-preview":"max-video-preview:-1"},"canonical":"https:\/\/minicrm.pl\/blog\/wiecej-informacji-o-osobie-firmie-interesie-z-polami-dodatkowymi\/","og_locale":"pl_PL","og_type":"article","og_title":"Wi\u0119cej informacji o osobie, firmie, interesie z polami dodatkowymi","og_description":"Wype\u0142nianie formularza dodawania nowej osoby, firmy lub interesu, wi\u0105\u017ce si\u0119 z uzupe\u0142nianiem poszczeg\u00f3lnych p\u00f3l. Dzi\u0119ki nim jeste\u015bcie w stanie wprowadzi\u0107","og_url":"https:\/\/minicrm.pl\/blog\/wiecej-informacji-o-osobie-firmie-interesie-z-polami-dodatkowymi\/","og_site_name":"Blog miniCRM \u2013 Prosty CRM online","article_publisher":"https:\/\/www.facebook.com\/minicrm","article_author":"https:\/\/www.facebook.com\/maksymilian.sleziak","article_published_time":"2012-11-30T16:16:29+00:00","article_modified_time":"2014-10-13T18:38:28+00:00","og_image":[{"url":"https:\/\/minicrm.pl\/blog\/wp-content\/uploads\/2012\/11\/Ustawienia-Pola-dodatkowe-miniCRM1-300x107.png","type":"","width":"","height":""}],"author":"maxbmx","twitter_card":"summary_large_image","twitter_creator":"@maxbmx","twitter_site":"@minicrm_pl","twitter_misc":{"Napisane przez":"maxbmx","Szacowany czas czytania":"1 minuta"},"schema":{"@context":"https:\/\/schema.org","@graph":[{"@type":"Article","@id":"https:\/\/minicrm.pl\/blog\/wiecej-informacji-o-osobie-firmie-interesie-z-polami-dodatkowymi\/#article","isPartOf":{"@id":"https:\/\/minicrm.pl\/blog\/wiecej-informacji-o-osobie-firmie-interesie-z-polami-dodatkowymi\/"},"author":{"name":"maxbmx","@id":"https:\/\/minicrm.pl\/blog\/#\/schema\/person\/f8d4f3caec9d2d6a0f1890442cf2bcf3"},"headline":"Wi\u0119cej informacji o osobie, firmie, interesie z polami dodatkowymi","datePublished":"2012-11-30T16:16:29+00:00","dateModified":"2014-10-13T18:38:28+00:00","mainEntityOfPage":{"@id":"https:\/\/minicrm.pl\/blog\/wiecej-informacji-o-osobie-firmie-interesie-z-polami-dodatkowymi\/"},"wordCount":219,"commentCount":0,"image":{"@id":"https:\/\/minicrm.pl\/blog\/wiecej-informacji-o-osobie-firmie-interesie-z-polami-dodatkowymi\/#primaryimage"},"thumbnailUrl":"https:\/\/minicrm.pl\/blog\/wp-content\/uploads\/2012\/11\/Ustawienia-Pola-dodatkowe-miniCRM1-300x107.png","articleSection":["Nowo\u015bci"],"inLanguage":"pl-PL","potentialAction":[{"@type":"CommentAction","name":"Comment","target":["https:\/\/minicrm.pl\/blog\/wiecej-informacji-o-osobie-firmie-interesie-z-polami-dodatkowymi\/#respond"]}]},{"@type":"WebPage","@id":"https:\/\/minicrm.pl\/blog\/wiecej-informacji-o-osobie-firmie-interesie-z-polami-dodatkowymi\/","url":"https:\/\/minicrm.pl\/blog\/wiecej-informacji-o-osobie-firmie-interesie-z-polami-dodatkowymi\/","name":"Wi\u0119cej informacji o osobie, firmie, interesie z polami dodatkowymi","isPartOf":{"@id":"https:\/\/minicrm.pl\/blog\/#website"},"primaryImageOfPage":{"@id":"https:\/\/minicrm.pl\/blog\/wiecej-informacji-o-osobie-firmie-interesie-z-polami-dodatkowymi\/#primaryimage"},"image":{"@id":"https:\/\/minicrm.pl\/blog\/wiecej-informacji-o-osobie-firmie-interesie-z-polami-dodatkowymi\/#primaryimage"},"thumbnailUrl":"https:\/\/minicrm.pl\/blog\/wp-content\/uploads\/2012\/11\/Ustawienia-Pola-dodatkowe-miniCRM1-300x107.png","datePublished":"2012-11-30T16:16:29+00:00","dateModified":"2014-10-13T18:38:28+00:00","author":{"@id":"https:\/\/minicrm.pl\/blog\/#\/schema\/person\/f8d4f3caec9d2d6a0f1890442cf2bcf3"},"description":"Wype\u0142nianie formularza dodawania nowej osoby, firmy lub interesu, wi\u0105\u017ce si\u0119 z uzupe\u0142nianiem poszczeg\u00f3lnych p\u00f3l. Dzi\u0119ki nim jeste\u015bcie w stanie wprowadzi\u0107","breadcrumb":{"@id":"https:\/\/minicrm.pl\/blog\/wiecej-informacji-o-osobie-firmie-interesie-z-polami-dodatkowymi\/#breadcrumb"},"inLanguage":"pl-PL","potentialAction":[{"@type":"ReadAction","target":["https:\/\/minicrm.pl\/blog\/wiecej-informacji-o-osobie-firmie-interesie-z-polami-dodatkowymi\/"]}]},{"@type":"ImageObject","inLanguage":"pl-PL","@id":"https:\/\/minicrm.pl\/blog\/wiecej-informacji-o-osobie-firmie-interesie-z-polami-dodatkowymi\/#primaryimage","url":"https:\/\/minicrm.pl\/blog\/wp-content\/uploads\/2012\/11\/Ustawienia-Pola-dodatkowe-miniCRM1.png","contentUrl":"https:\/\/minicrm.pl\/blog\/wp-content\/uploads\/2012\/11\/Ustawienia-Pola-dodatkowe-miniCRM1.png","width":452,"height":162},{"@type":"BreadcrumbList","@id":"https:\/\/minicrm.pl\/blog\/wiecej-informacji-o-osobie-firmie-interesie-z-polami-dodatkowymi\/#breadcrumb","itemListElement":[{"@type":"ListItem","position":1,"name":"Strona g\u0142\u00f3wna","item":"https:\/\/minicrm.pl\/blog\/"},{"@type":"ListItem","position":2,"name":"Wi\u0119cej informacji o osobie, firmie, interesie z polami dodatkowymi"}]},{"@type":"WebSite","@id":"https:\/\/minicrm.pl\/blog\/#website","url":"https:\/\/minicrm.pl\/blog\/","name":"Blog miniCRM \u2013 Prosty CRM online","description":"Porady i ciekawe informacje na temat prowadzenia firmy, produktywno\u015bci i nowo\u015bci w miniCRM - Prostym CRM online dla ma\u0142ych firm.","potentialAction":[{"@type":"SearchAction","target":{"@type":"EntryPoint","urlTemplate":"https:\/\/minicrm.pl\/blog\/?s={search_term_string}"},"query-input":{"@type":"PropertyValueSpecification","valueRequired":true,"valueName":"search_term_string"}}],"inLanguage":"pl-PL"},{"@type":"Person","@id":"https:\/\/minicrm.pl\/blog\/#\/schema\/person\/f8d4f3caec9d2d6a0f1890442cf2bcf3","name":"maxbmx","image":{"@type":"ImageObject","inLanguage":"pl-PL","@id":"https:\/\/secure.gravatar.com\/avatar\/196feecd67a35cc67907aaeaa937ea4d349865d191fe42461f41eb9a1c012346?s=96&d=mm&r=g","url":"https:\/\/secure.gravatar.com\/avatar\/196feecd67a35cc67907aaeaa937ea4d349865d191fe42461f41eb9a1c012346?s=96&d=mm&r=g","contentUrl":"https:\/\/secure.gravatar.com\/avatar\/196feecd67a35cc67907aaeaa937ea4d349865d191fe42461f41eb9a1c012346?s=96&d=mm&r=g","caption":"maxbmx"},"description":"W bran\u017cy internetowej od 10 lat. W miniCRM odpowiedzialny za rozw\u00f3j aplikacji i dzia\u0142ania promocyjne. Prywatnie interesuje si\u0119 kolarstwem g\u00f3rskim i sprz\u0119tem Apple.","sameAs":["http:\/\/minicrm.pl","https:\/\/www.facebook.com\/maksymilian.sleziak","https:\/\/x.com\/maxbmx"],"url":"https:\/\/minicrm.pl\/blog\/author\/maxbmx\/"}]}},"_links":{"self":[{"href":"https:\/\/minicrm.pl\/blog\/wp-json\/wp\/v2\/posts\/1243","targetHints":{"allow":["GET"]}}],"collection":[{"href":"https:\/\/minicrm.pl\/blog\/wp-json\/wp\/v2\/posts"}],"about":[{"href":"https:\/\/minicrm.pl\/blog\/wp-json\/wp\/v2\/types\/post"}],"author":[{"embeddable":true,"href":"https:\/\/minicrm.pl\/blog\/wp-json\/wp\/v2\/users\/1"}],"replies":[{"embeddable":true,"href":"https:\/\/minicrm.pl\/blog\/wp-json\/wp\/v2\/comments?post=1243"}],"version-history":[{"count":4,"href":"https:\/\/minicrm.pl\/blog\/wp-json\/wp\/v2\/posts\/1243\/revisions"}],"predecessor-version":[{"id":2104,"href":"https:\/\/minicrm.pl\/blog\/wp-json\/wp\/v2\/posts\/1243\/revisions\/2104"}],"wp:attachment":[{"href":"https:\/\/minicrm.pl\/blog\/wp-json\/wp\/v2\/media?parent=1243"}],"wp:term":[{"taxonomy":"category","embeddable":true,"href":"https:\/\/minicrm.pl\/blog\/wp-json\/wp\/v2\/categories?post=1243"},{"taxonomy":"post_tag","embeddable":true,"href":"https:\/\/minicrm.pl\/blog\/wp-json\/wp\/v2\/tags?post=1243"}],"curies":[{"name":"wp","href":"https:\/\/api.w.org\/{rel}","templated":true}]}}