{"id":1342,"date":"2013-06-09T20:25:48","date_gmt":"2013-06-09T20:25:48","guid":{"rendered":"http:\/\/minicrm.pl\/blog\/?p=1342"},"modified":"2014-10-09T11:27:29","modified_gmt":"2014-10-09T11:27:29","slug":"prosto-i-swiezo-nowa-wersja-minicrm-juz-dostepna","status":"publish","type":"post","link":"https:\/\/minicrm.pl\/blog\/prosto-i-swiezo-nowa-wersja-minicrm-juz-dostepna\/","title":{"rendered":"Prosto i \u015bwie\u017co &#8211; nowa wersja miniCRM ju\u017c dost\u0119pna!"},"content":{"rendered":"<p>Oddajemy do&nbsp;waszego u\u017cytku zaktualizowan\u0105 wersj\u0119 miniCRM. Zmiany, jakie zastaniecie wprowadzili\u015bmy posi\u0142kuj\u0105c si\u0119&nbsp;danymi z&nbsp;przeprowadzonej ankiety oraz uwagami, kt\u00f3re otrzymywali\u015bmy od&nbsp;was&nbsp;na&nbsp;bie\u017c\u0105co.<!--more--><\/p>\n<p>Zaczniemy od&nbsp;tego, co&nbsp;oczy widz\u0105 czyli layoutu. Zawsze przy ka\u017cdej aktualizacji jaka by\u0142a wprowadzali\u015bmy drobne poprawki do&nbsp;wygl\u0105du aplikacji. Od&nbsp;tej&nbsp;aktualizacji layout zaliczy\u0142 spor\u0105 zmian\u0119 &#8211; upro\u015bcili\u015bmy przyciski, zmienili\u015bmy czcionk\u0119, okno wyszukiwania zosta\u0142o uproszczone oraz pozosta\u0142e okienka nabra\u0142y innego, bardziej przyjaznego wyrazu. Te&nbsp;podj\u0119te dzia\u0142ania powoduj\u0105, \u017ce&nbsp;<strong>miniCRM mo\u017cecie u\u017cywa\u0107 bez&nbsp;problem\u00f3w na&nbsp;iPadzie.<\/strong><\/p>\n<p><em>Widok nowych czcionek, przycisk\u00f3w, okna wyszukiwania i&nbsp;pozosta\u0142ych okien w&nbsp;zak\u0142adce &#8222;Zadania&#8221;<\/em><\/p>\n<p><img decoding=\"async\" class=\"alignnone  wp-image-1365\" title=\"Zadania - miniCRM\" src=\"https:\/\/minicrm.pl\/blog\/wp-content\/uploads\/2013\/06\/Zadania-miniCRM-1024x779.png\" alt=\"\" \/><\/p>\n<p>Do nast\u0119pnej nowo\u015bci zaliczamy raporty. Zaktualizowana wersja<strong> zosta\u0142a wzbogacona o&nbsp;nowe, czytelne wykresy, w&nbsp;tym&nbsp;wykres lejkowy<\/strong> kt\u00f3ry sprawdzi si\u0119&nbsp;pod&nbsp;k\u0105tem analizy dzia\u0142a\u0144 sprzeda\u017cowych podejmowanych w&nbsp;waszej firmie.<\/p>\n<p><em>Widok nowych wykres\u00f3w dost\u0119pnych w&nbsp;aplikacji<\/em><br \/>\n<img loading=\"lazy\" decoding=\"async\" width=\"1276\" height=\"4594\" class=\"alignnone  wp-image-1357\" title=\"Raporty - miniCRM\" src=\"https:\/\/minicrm.pl\/blog\/wp-content\/uploads\/2013\/06\/Raporty-miniCRM1.png\" alt=\"\" srcset=\"https:\/\/minicrm.pl\/blog\/wp-content\/uploads\/2013\/06\/Raporty-miniCRM1.png 1276w, https:\/\/minicrm.pl\/blog\/wp-content\/uploads\/2013\/06\/Raporty-miniCRM1-83x300.png 83w\" sizes=\"(max-width: 1276px) 100vw, 1276px\" \/><\/a><\/p>\n<p>Pozostaj\u0105c przy wygl\u0105dzie i&nbsp;odchudzaniu &#8211;<strong> nadali\u015bmy prostszy wygl\u0105d kalendarzowi oraz umo\u017cliwili\u015bmy bezpo\u015brednie przej\u015bcie do&nbsp;konkretnego zadania znajduj\u0105cego si\u0119&nbsp;w&nbsp;kalendarzu.<\/strong> Wcze\u015bniej po&nbsp;klikni\u0119ciu na&nbsp;konkretne zadanie w&nbsp;widoku kalendarza, nast\u0119powa\u0142o przekierowanie do&nbsp;ca\u0142o\u015bciowej listy zada\u0144.<\/p>\n<p><em>Widok nowego kalendarza<\/em><\/p>\n<p><img decoding=\"async\" class=\"alignnone  wp-image-1353\" title=\"Zadania - Kalendarz - miniCRM\" src=\"https:\/\/minicrm.pl\/blog\/wp-content\/uploads\/2013\/06\/Zadania-Kalendarz-miniCRM-1024x786.png\" alt=\"\" \/><\/p>\n<p>Na etapie tworzenia nowej wersji <strong>usprawnili\u015bmy funkcj\u0119 importowania kontakt\u00f3w z&nbsp;pliku Excel\u2019a.<\/strong> Dla&nbsp;os\u00f3b, kt\u00f3re robi\u0105 to&nbsp;pierwszy raz&nbsp;przygotowali\u015bmy specjalny wz\u00f3r arkusza kt\u00f3ry pokazuje jak&nbsp;powinien wygl\u0105da\u0107 plik potrzebny do&nbsp;poprawnego zaimportowania kontakt\u00f3w. Co&nbsp;wi\u0119cej &#8211; <strong>zaimportowa\u0107 mo\u017cecie nie&nbsp;tylko same kontakty, ale&nbsp;tak\u017ce pola dodatkowe.<\/strong> Dzi\u0119ki temu mo\u017cecie wgra\u0107 do&nbsp;miniCRM baz\u0119 kontakt\u00f3w wraz z&nbsp;informacjami tj. \u017ar\u00f3d\u0142o pozyskania klienta.<\/p>\n<p><em>Widok funkcji importu kontakt\u00f3w w&nbsp;ustawieniach aplikacji<\/em><\/p>\n<p><img decoding=\"async\" class=\"alignnone  wp-image-1344\" title=\"Ustawienia - Import-Eksport - miniCRM\" src=\"https:\/\/minicrm.pl\/blog\/wp-content\/uploads\/2013\/06\/Ustawienia-Import-Eksport-miniCRM1-1024x643.png\" alt=\"\" \/><\/p>\n<p><strong>Postawili\u015bmy tak\u017ce do&nbsp;pe\u0142nej gotowo\u015bci funkcj\u0119 przesy\u0142ania kopii e-maili zwi\u0105zanych z&nbsp;danym kontaktem lub&nbsp;interesem.<\/strong> Wcze\u015bniejsze problemy, kt\u00f3re miewali\u015bmy zamykamy w&nbsp;czarnej skrzyni i&nbsp;wyrzucamy j\u0105&nbsp;na&nbsp;dno&nbsp;oceanu :)<\/p>\n<p>Przechodz\u0105c do&nbsp;ustawie\u0144 nie&nbsp;zastaniecie ju\u017c&nbsp;kilku zak\u0142adek do&nbsp;wyboru. Od&nbsp;teraz mo\u017cecie korzysta\u0107 tylko z&nbsp;czterech, kt\u00f3re s\u0105&nbsp;przydatne i&nbsp;spokojnie wystarcz\u0105 do&nbsp;zmian ustawie\u0144 aplikacji. <strong>Przy\u0142o\u017cyli\u015bmy si\u0119&nbsp;tak\u017ce do&nbsp;tego, aby&nbsp;u\u0142atwi\u0107 dodawanie p\u00f3l&nbsp;dodatkowych<\/strong> &#8211; panel za&nbsp;pomoc\u0105 kt\u00f3rego mo\u017cecie to&nbsp;zrobi\u0107 zosta\u0142 znacznie uszczuplony, jest intuicyjny i&nbsp;pokazuje do&nbsp;jakiego konkretnie modu\u0142u tj. interesy, osoby, firmy zostaje dodane pole dodatkowe.<\/p>\n<p><em>Widok panelu dodawania p\u00f3l&nbsp;dodatkowych w&nbsp;ustawieniach aplikacji<\/em><\/p>\n<p><img decoding=\"async\" class=\"alignnone  wp-image-1351\" title=\"Ustawienia - Pola dodatkowe - miniCRM\" src=\"https:\/\/minicrm.pl\/blog\/wp-content\/uploads\/2013\/06\/Ustawienia-Pola-dodatkowe-miniCRM-1024x647.png\" alt=\"\" \/><\/p>\n<p>Ostatni\u0105 zmian\u0105 jest <strong>poprawa wydajno\u015bci dzia\u0142ania aplikacji.<\/strong> Przechodzenie pomi\u0119dzy zak\u0142adkami odbywa si\u0119&nbsp;dynamicznie i&nbsp;nie&nbsp;tracicie czasu na&nbsp;czekanie a\u017c&nbsp;zostanie za\u0142adowana ca\u0142a strona.<\/p>\n<p>Zapraszamy do&nbsp;rejestrowania i&nbsp;logowania si\u0119&nbsp;w&nbsp;zaktualizowanej wersji miniCRM.<br \/>\nCh\u0119tnie wys\u0142uchamy waszych opinii na&nbsp;jej&nbsp;temat w&nbsp;komentarzach pod&nbsp;tym&nbsp;wpisem, albo na&nbsp;<a href=\"https:\/\/www.facebook.com\/minicrm\">facebooku<\/a>, <a href=\"https:\/\/twitter.com\/minicrm_pl\">twitterze<\/a> lub&nbsp;<a href=\"https:\/\/plus.google.com\/u\/0\/+miniCRMpl\/posts\" target=\"_blank\">Google plusie<\/a>.<\/p>\n","protected":false},"excerpt":{"rendered":"<p>Oddajemy do&nbsp;waszego u\u017cytku zaktualizowan\u0105 wersj\u0119 miniCRM. Zmiany, jakie zastaniecie wprowadzili\u015bmy posi\u0142kuj\u0105c si\u0119&nbsp;danymi z&nbsp;przeprowadzonej ankiety oraz uwagami, kt\u00f3re otrzymywali\u015bmy od&nbsp;was&nbsp;na&nbsp;bie\u017c\u0105co.<\/p>\n","protected":false},"author":1,"featured_media":1842,"comment_status":"open","ping_status":"open","sticky":false,"template":"","format":"standard","meta":{"footnotes":""},"categories":[1],"tags":[],"class_list":["post-1342","post","type-post","status-publish","format-standard","has-post-thumbnail","hentry","category-nowosc"],"yoast_head":"<!-- This site is optimized with the Yoast SEO plugin v28.2 - https:\/\/yoast.com\/product\/yoast-seo-wordpress\/ -->\n<title>Prosto i \u015bwie\u017co - nowa wersja miniCRM ju\u017c dost\u0119pna!<\/title>\n<meta name=\"description\" content=\"Oddajemy do waszego u\u017cytku zaktualizowan\u0105 wersj\u0119 miniCRM. Zmiany, jakie zastaniecie wprowadzili\u015bmy posi\u0142kuj\u0105c si\u0119 danymi z przeprowadzonej ankiety oraz\" \/>\n<meta name=\"robots\" content=\"index, follow, max-snippet:-1, max-image-preview:large, max-video-preview:-1\" \/>\n<link rel=\"canonical\" href=\"https:\/\/minicrm.pl\/blog\/prosto-i-swiezo-nowa-wersja-minicrm-juz-dostepna\/\" \/>\n<meta property=\"og:locale\" content=\"pl_PL\" \/>\n<meta property=\"og:type\" content=\"article\" \/>\n<meta property=\"og:title\" content=\"Prosto i \u015bwie\u017co - nowa wersja miniCRM ju\u017c dost\u0119pna!\" \/>\n<meta property=\"og:description\" content=\"Oddajemy do waszego u\u017cytku zaktualizowan\u0105 wersj\u0119 miniCRM. Zmiany, jakie zastaniecie wprowadzili\u015bmy posi\u0142kuj\u0105c si\u0119 danymi z przeprowadzonej ankiety oraz\" \/>\n<meta property=\"og:url\" content=\"https:\/\/minicrm.pl\/blog\/prosto-i-swiezo-nowa-wersja-minicrm-juz-dostepna\/\" \/>\n<meta property=\"og:site_name\" content=\"Blog miniCRM \u2013 Prosty CRM online\" \/>\n<meta property=\"article:publisher\" content=\"https:\/\/www.facebook.com\/minicrm\" \/>\n<meta property=\"article:author\" content=\"https:\/\/www.facebook.com\/maksymilian.sleziak\" \/>\n<meta property=\"article:published_time\" content=\"2013-06-09T20:25:48+00:00\" \/>\n<meta property=\"article:modified_time\" content=\"2014-10-09T11:27:29+00:00\" \/>\n<meta property=\"og:image\" content=\"https:\/\/minicrm.pl\/blog\/wp-content\/uploads\/2013\/06\/minicrm.jpg\" \/>\n\t<meta property=\"og:image:width\" content=\"792\" \/>\n\t<meta property=\"og:image:height\" content=\"350\" \/>\n\t<meta property=\"og:image:type\" content=\"image\/jpeg\" \/>\n<meta name=\"author\" content=\"maxbmx\" \/>\n<meta name=\"twitter:card\" content=\"summary_large_image\" \/>\n<meta name=\"twitter:creator\" content=\"@maxbmx\" \/>\n<meta name=\"twitter:site\" content=\"@minicrm_pl\" \/>\n<meta name=\"twitter:label1\" content=\"Napisane przez\" \/>\n\t<meta name=\"twitter:data1\" content=\"maxbmx\" \/>\n\t<meta name=\"twitter:label2\" content=\"Szacowany czas czytania\" \/>\n\t<meta name=\"twitter:data2\" content=\"2 minuty\" \/>\n<script type=\"application\/ld+json\" class=\"yoast-schema-graph\">{\"@context\":\"https:\\\/\\\/schema.org\",\"@graph\":[{\"@type\":\"Article\",\"@id\":\"https:\\\/\\\/minicrm.pl\\\/blog\\\/prosto-i-swiezo-nowa-wersja-minicrm-juz-dostepna\\\/#article\",\"isPartOf\":{\"@id\":\"https:\\\/\\\/minicrm.pl\\\/blog\\\/prosto-i-swiezo-nowa-wersja-minicrm-juz-dostepna\\\/\"},\"author\":{\"name\":\"maxbmx\",\"@id\":\"https:\\\/\\\/minicrm.pl\\\/blog\\\/#\\\/schema\\\/person\\\/f8d4f3caec9d2d6a0f1890442cf2bcf3\"},\"headline\":\"Prosto i \u015bwie\u017co &#8211; nowa wersja miniCRM ju\u017c dost\u0119pna!\",\"datePublished\":\"2013-06-09T20:25:48+00:00\",\"dateModified\":\"2014-10-09T11:27:29+00:00\",\"mainEntityOfPage\":{\"@id\":\"https:\\\/\\\/minicrm.pl\\\/blog\\\/prosto-i-swiezo-nowa-wersja-minicrm-juz-dostepna\\\/\"},\"wordCount\":500,\"commentCount\":0,\"image\":{\"@id\":\"https:\\\/\\\/minicrm.pl\\\/blog\\\/prosto-i-swiezo-nowa-wersja-minicrm-juz-dostepna\\\/#primaryimage\"},\"thumbnailUrl\":\"https:\\\/\\\/minicrm.pl\\\/blog\\\/wp-content\\\/uploads\\\/2013\\\/06\\\/minicrm.jpg\",\"articleSection\":[\"Nowo\u015bci\"],\"inLanguage\":\"pl-PL\",\"potentialAction\":[{\"@type\":\"CommentAction\",\"name\":\"Comment\",\"target\":[\"https:\\\/\\\/minicrm.pl\\\/blog\\\/prosto-i-swiezo-nowa-wersja-minicrm-juz-dostepna\\\/#respond\"]}]},{\"@type\":\"WebPage\",\"@id\":\"https:\\\/\\\/minicrm.pl\\\/blog\\\/prosto-i-swiezo-nowa-wersja-minicrm-juz-dostepna\\\/\",\"url\":\"https:\\\/\\\/minicrm.pl\\\/blog\\\/prosto-i-swiezo-nowa-wersja-minicrm-juz-dostepna\\\/\",\"name\":\"Prosto i \u015bwie\u017co - nowa wersja miniCRM ju\u017c dost\u0119pna!\",\"isPartOf\":{\"@id\":\"https:\\\/\\\/minicrm.pl\\\/blog\\\/#website\"},\"primaryImageOfPage\":{\"@id\":\"https:\\\/\\\/minicrm.pl\\\/blog\\\/prosto-i-swiezo-nowa-wersja-minicrm-juz-dostepna\\\/#primaryimage\"},\"image\":{\"@id\":\"https:\\\/\\\/minicrm.pl\\\/blog\\\/prosto-i-swiezo-nowa-wersja-minicrm-juz-dostepna\\\/#primaryimage\"},\"thumbnailUrl\":\"https:\\\/\\\/minicrm.pl\\\/blog\\\/wp-content\\\/uploads\\\/2013\\\/06\\\/minicrm.jpg\",\"datePublished\":\"2013-06-09T20:25:48+00:00\",\"dateModified\":\"2014-10-09T11:27:29+00:00\",\"author\":{\"@id\":\"https:\\\/\\\/minicrm.pl\\\/blog\\\/#\\\/schema\\\/person\\\/f8d4f3caec9d2d6a0f1890442cf2bcf3\"},\"description\":\"Oddajemy do waszego u\u017cytku zaktualizowan\u0105 wersj\u0119 miniCRM. Zmiany, jakie zastaniecie wprowadzili\u015bmy posi\u0142kuj\u0105c si\u0119 danymi z przeprowadzonej ankiety oraz\",\"breadcrumb\":{\"@id\":\"https:\\\/\\\/minicrm.pl\\\/blog\\\/prosto-i-swiezo-nowa-wersja-minicrm-juz-dostepna\\\/#breadcrumb\"},\"inLanguage\":\"pl-PL\",\"potentialAction\":[{\"@type\":\"ReadAction\",\"target\":[\"https:\\\/\\\/minicrm.pl\\\/blog\\\/prosto-i-swiezo-nowa-wersja-minicrm-juz-dostepna\\\/\"]}]},{\"@type\":\"ImageObject\",\"inLanguage\":\"pl-PL\",\"@id\":\"https:\\\/\\\/minicrm.pl\\\/blog\\\/prosto-i-swiezo-nowa-wersja-minicrm-juz-dostepna\\\/#primaryimage\",\"url\":\"https:\\\/\\\/minicrm.pl\\\/blog\\\/wp-content\\\/uploads\\\/2013\\\/06\\\/minicrm.jpg\",\"contentUrl\":\"https:\\\/\\\/minicrm.pl\\\/blog\\\/wp-content\\\/uploads\\\/2013\\\/06\\\/minicrm.jpg\",\"width\":792,\"height\":350},{\"@type\":\"BreadcrumbList\",\"@id\":\"https:\\\/\\\/minicrm.pl\\\/blog\\\/prosto-i-swiezo-nowa-wersja-minicrm-juz-dostepna\\\/#breadcrumb\",\"itemListElement\":[{\"@type\":\"ListItem\",\"position\":1,\"name\":\"Strona g\u0142\u00f3wna\",\"item\":\"https:\\\/\\\/minicrm.pl\\\/blog\\\/\"},{\"@type\":\"ListItem\",\"position\":2,\"name\":\"Prosto i \u015bwie\u017co &#8211; nowa wersja miniCRM ju\u017c dost\u0119pna!\"}]},{\"@type\":\"WebSite\",\"@id\":\"https:\\\/\\\/minicrm.pl\\\/blog\\\/#website\",\"url\":\"https:\\\/\\\/minicrm.pl\\\/blog\\\/\",\"name\":\"Blog miniCRM \u2013 Prosty CRM online\",\"description\":\"Porady i ciekawe informacje na temat prowadzenia firmy, produktywno\u015bci i nowo\u015bci w miniCRM - Prostym CRM online dla ma\u0142ych firm.\",\"potentialAction\":[{\"@type\":\"SearchAction\",\"target\":{\"@type\":\"EntryPoint\",\"urlTemplate\":\"https:\\\/\\\/minicrm.pl\\\/blog\\\/?s={search_term_string}\"},\"query-input\":{\"@type\":\"PropertyValueSpecification\",\"valueRequired\":true,\"valueName\":\"search_term_string\"}}],\"inLanguage\":\"pl-PL\"},{\"@type\":\"Person\",\"@id\":\"https:\\\/\\\/minicrm.pl\\\/blog\\\/#\\\/schema\\\/person\\\/f8d4f3caec9d2d6a0f1890442cf2bcf3\",\"name\":\"maxbmx\",\"image\":{\"@type\":\"ImageObject\",\"inLanguage\":\"pl-PL\",\"@id\":\"https:\\\/\\\/secure.gravatar.com\\\/avatar\\\/196feecd67a35cc67907aaeaa937ea4d349865d191fe42461f41eb9a1c012346?s=96&d=mm&r=g\",\"url\":\"https:\\\/\\\/secure.gravatar.com\\\/avatar\\\/196feecd67a35cc67907aaeaa937ea4d349865d191fe42461f41eb9a1c012346?s=96&d=mm&r=g\",\"contentUrl\":\"https:\\\/\\\/secure.gravatar.com\\\/avatar\\\/196feecd67a35cc67907aaeaa937ea4d349865d191fe42461f41eb9a1c012346?s=96&d=mm&r=g\",\"caption\":\"maxbmx\"},\"description\":\"W bran\u017cy internetowej od 10 lat. W miniCRM odpowiedzialny za rozw\u00f3j aplikacji i dzia\u0142ania promocyjne. Prywatnie interesuje si\u0119 kolarstwem g\u00f3rskim i sprz\u0119tem Apple.\",\"sameAs\":[\"http:\\\/\\\/minicrm.pl\",\"https:\\\/\\\/www.facebook.com\\\/maksymilian.sleziak\",\"https:\\\/\\\/x.com\\\/maxbmx\"],\"url\":\"https:\\\/\\\/minicrm.pl\\\/blog\\\/author\\\/maxbmx\\\/\"}]}<\/script>\n<!-- \/ Yoast SEO plugin. -->","yoast_head_json":{"title":"Prosto i \u015bwie\u017co - nowa wersja miniCRM ju\u017c dost\u0119pna!","description":"Oddajemy do waszego u\u017cytku zaktualizowan\u0105 wersj\u0119 miniCRM. Zmiany, jakie zastaniecie wprowadzili\u015bmy posi\u0142kuj\u0105c si\u0119 danymi z przeprowadzonej ankiety oraz","robots":{"index":"index","follow":"follow","max-snippet":"max-snippet:-1","max-image-preview":"max-image-preview:large","max-video-preview":"max-video-preview:-1"},"canonical":"https:\/\/minicrm.pl\/blog\/prosto-i-swiezo-nowa-wersja-minicrm-juz-dostepna\/","og_locale":"pl_PL","og_type":"article","og_title":"Prosto i \u015bwie\u017co - nowa wersja miniCRM ju\u017c dost\u0119pna!","og_description":"Oddajemy do waszego u\u017cytku zaktualizowan\u0105 wersj\u0119 miniCRM. Zmiany, jakie zastaniecie wprowadzili\u015bmy posi\u0142kuj\u0105c si\u0119 danymi z przeprowadzonej ankiety oraz","og_url":"https:\/\/minicrm.pl\/blog\/prosto-i-swiezo-nowa-wersja-minicrm-juz-dostepna\/","og_site_name":"Blog miniCRM \u2013 Prosty CRM online","article_publisher":"https:\/\/www.facebook.com\/minicrm","article_author":"https:\/\/www.facebook.com\/maksymilian.sleziak","article_published_time":"2013-06-09T20:25:48+00:00","article_modified_time":"2014-10-09T11:27:29+00:00","og_image":[{"width":792,"height":350,"url":"https:\/\/minicrm.pl\/blog\/wp-content\/uploads\/2013\/06\/minicrm.jpg","type":"image\/jpeg"}],"author":"maxbmx","twitter_card":"summary_large_image","twitter_creator":"@maxbmx","twitter_site":"@minicrm_pl","twitter_misc":{"Napisane przez":"maxbmx","Szacowany czas czytania":"2 minuty"},"schema":{"@context":"https:\/\/schema.org","@graph":[{"@type":"Article","@id":"https:\/\/minicrm.pl\/blog\/prosto-i-swiezo-nowa-wersja-minicrm-juz-dostepna\/#article","isPartOf":{"@id":"https:\/\/minicrm.pl\/blog\/prosto-i-swiezo-nowa-wersja-minicrm-juz-dostepna\/"},"author":{"name":"maxbmx","@id":"https:\/\/minicrm.pl\/blog\/#\/schema\/person\/f8d4f3caec9d2d6a0f1890442cf2bcf3"},"headline":"Prosto i \u015bwie\u017co &#8211; nowa wersja miniCRM ju\u017c dost\u0119pna!","datePublished":"2013-06-09T20:25:48+00:00","dateModified":"2014-10-09T11:27:29+00:00","mainEntityOfPage":{"@id":"https:\/\/minicrm.pl\/blog\/prosto-i-swiezo-nowa-wersja-minicrm-juz-dostepna\/"},"wordCount":500,"commentCount":0,"image":{"@id":"https:\/\/minicrm.pl\/blog\/prosto-i-swiezo-nowa-wersja-minicrm-juz-dostepna\/#primaryimage"},"thumbnailUrl":"https:\/\/minicrm.pl\/blog\/wp-content\/uploads\/2013\/06\/minicrm.jpg","articleSection":["Nowo\u015bci"],"inLanguage":"pl-PL","potentialAction":[{"@type":"CommentAction","name":"Comment","target":["https:\/\/minicrm.pl\/blog\/prosto-i-swiezo-nowa-wersja-minicrm-juz-dostepna\/#respond"]}]},{"@type":"WebPage","@id":"https:\/\/minicrm.pl\/blog\/prosto-i-swiezo-nowa-wersja-minicrm-juz-dostepna\/","url":"https:\/\/minicrm.pl\/blog\/prosto-i-swiezo-nowa-wersja-minicrm-juz-dostepna\/","name":"Prosto i \u015bwie\u017co - nowa wersja miniCRM ju\u017c dost\u0119pna!","isPartOf":{"@id":"https:\/\/minicrm.pl\/blog\/#website"},"primaryImageOfPage":{"@id":"https:\/\/minicrm.pl\/blog\/prosto-i-swiezo-nowa-wersja-minicrm-juz-dostepna\/#primaryimage"},"image":{"@id":"https:\/\/minicrm.pl\/blog\/prosto-i-swiezo-nowa-wersja-minicrm-juz-dostepna\/#primaryimage"},"thumbnailUrl":"https:\/\/minicrm.pl\/blog\/wp-content\/uploads\/2013\/06\/minicrm.jpg","datePublished":"2013-06-09T20:25:48+00:00","dateModified":"2014-10-09T11:27:29+00:00","author":{"@id":"https:\/\/minicrm.pl\/blog\/#\/schema\/person\/f8d4f3caec9d2d6a0f1890442cf2bcf3"},"description":"Oddajemy do waszego u\u017cytku zaktualizowan\u0105 wersj\u0119 miniCRM. Zmiany, jakie zastaniecie wprowadzili\u015bmy posi\u0142kuj\u0105c si\u0119 danymi z przeprowadzonej ankiety oraz","breadcrumb":{"@id":"https:\/\/minicrm.pl\/blog\/prosto-i-swiezo-nowa-wersja-minicrm-juz-dostepna\/#breadcrumb"},"inLanguage":"pl-PL","potentialAction":[{"@type":"ReadAction","target":["https:\/\/minicrm.pl\/blog\/prosto-i-swiezo-nowa-wersja-minicrm-juz-dostepna\/"]}]},{"@type":"ImageObject","inLanguage":"pl-PL","@id":"https:\/\/minicrm.pl\/blog\/prosto-i-swiezo-nowa-wersja-minicrm-juz-dostepna\/#primaryimage","url":"https:\/\/minicrm.pl\/blog\/wp-content\/uploads\/2013\/06\/minicrm.jpg","contentUrl":"https:\/\/minicrm.pl\/blog\/wp-content\/uploads\/2013\/06\/minicrm.jpg","width":792,"height":350},{"@type":"BreadcrumbList","@id":"https:\/\/minicrm.pl\/blog\/prosto-i-swiezo-nowa-wersja-minicrm-juz-dostepna\/#breadcrumb","itemListElement":[{"@type":"ListItem","position":1,"name":"Strona g\u0142\u00f3wna","item":"https:\/\/minicrm.pl\/blog\/"},{"@type":"ListItem","position":2,"name":"Prosto i \u015bwie\u017co &#8211; nowa wersja miniCRM ju\u017c dost\u0119pna!"}]},{"@type":"WebSite","@id":"https:\/\/minicrm.pl\/blog\/#website","url":"https:\/\/minicrm.pl\/blog\/","name":"Blog miniCRM \u2013 Prosty CRM online","description":"Porady i ciekawe informacje na temat prowadzenia firmy, produktywno\u015bci i nowo\u015bci w miniCRM - Prostym CRM online dla ma\u0142ych firm.","potentialAction":[{"@type":"SearchAction","target":{"@type":"EntryPoint","urlTemplate":"https:\/\/minicrm.pl\/blog\/?s={search_term_string}"},"query-input":{"@type":"PropertyValueSpecification","valueRequired":true,"valueName":"search_term_string"}}],"inLanguage":"pl-PL"},{"@type":"Person","@id":"https:\/\/minicrm.pl\/blog\/#\/schema\/person\/f8d4f3caec9d2d6a0f1890442cf2bcf3","name":"maxbmx","image":{"@type":"ImageObject","inLanguage":"pl-PL","@id":"https:\/\/secure.gravatar.com\/avatar\/196feecd67a35cc67907aaeaa937ea4d349865d191fe42461f41eb9a1c012346?s=96&d=mm&r=g","url":"https:\/\/secure.gravatar.com\/avatar\/196feecd67a35cc67907aaeaa937ea4d349865d191fe42461f41eb9a1c012346?s=96&d=mm&r=g","contentUrl":"https:\/\/secure.gravatar.com\/avatar\/196feecd67a35cc67907aaeaa937ea4d349865d191fe42461f41eb9a1c012346?s=96&d=mm&r=g","caption":"maxbmx"},"description":"W bran\u017cy internetowej od 10 lat. W miniCRM odpowiedzialny za rozw\u00f3j aplikacji i dzia\u0142ania promocyjne. Prywatnie interesuje si\u0119 kolarstwem g\u00f3rskim i sprz\u0119tem Apple.","sameAs":["http:\/\/minicrm.pl","https:\/\/www.facebook.com\/maksymilian.sleziak","https:\/\/x.com\/maxbmx"],"url":"https:\/\/minicrm.pl\/blog\/author\/maxbmx\/"}]}},"_links":{"self":[{"href":"https:\/\/minicrm.pl\/blog\/wp-json\/wp\/v2\/posts\/1342","targetHints":{"allow":["GET"]}}],"collection":[{"href":"https:\/\/minicrm.pl\/blog\/wp-json\/wp\/v2\/posts"}],"about":[{"href":"https:\/\/minicrm.pl\/blog\/wp-json\/wp\/v2\/types\/post"}],"author":[{"embeddable":true,"href":"https:\/\/minicrm.pl\/blog\/wp-json\/wp\/v2\/users\/1"}],"replies":[{"embeddable":true,"href":"https:\/\/minicrm.pl\/blog\/wp-json\/wp\/v2\/comments?post=1342"}],"version-history":[{"count":32,"href":"https:\/\/minicrm.pl\/blog\/wp-json\/wp\/v2\/posts\/1342\/revisions"}],"predecessor-version":[{"id":1950,"href":"https:\/\/minicrm.pl\/blog\/wp-json\/wp\/v2\/posts\/1342\/revisions\/1950"}],"wp:featuredmedia":[{"embeddable":true,"href":"https:\/\/minicrm.pl\/blog\/wp-json\/wp\/v2\/media\/1842"}],"wp:attachment":[{"href":"https:\/\/minicrm.pl\/blog\/wp-json\/wp\/v2\/media?parent=1342"}],"wp:term":[{"taxonomy":"category","embeddable":true,"href":"https:\/\/minicrm.pl\/blog\/wp-json\/wp\/v2\/categories?post=1342"},{"taxonomy":"post_tag","embeddable":true,"href":"https:\/\/minicrm.pl\/blog\/wp-json\/wp\/v2\/tags?post=1342"}],"curies":[{"name":"wp","href":"https:\/\/api.w.org\/{rel}","templated":true}]}}