{"id":2634,"date":"2015-07-20T13:24:26","date_gmt":"2015-07-20T11:24:26","guid":{"rendered":"https:\/\/minicrm.pl\/blog\/?p=2634"},"modified":"2015-07-24T12:49:17","modified_gmt":"2015-07-24T10:49:17","slug":"jak-pracowac-efektywnie-w-upal-latem","status":"publish","type":"post","link":"https:\/\/minicrm.pl\/blog\/jak-pracowac-efektywnie-w-upal-latem\/","title":{"rendered":"\u2028Upa\u0142 kontra efektywno\u015b\u0107, czyli o tym jak pracowa\u0107 latem"},"content":{"rendered":"<p class=\"lead\">Upa\u0142 kontra efektywno\u015b\u0107, czyli o&nbsp;tym, jak&nbsp;pracowa\u0107 latem\u2028\u2028Jako dziecko w&nbsp;wieku szkolnym cz\u0119sto zastanawia\u0142am si\u0119, jaka r\u00f3\u017cnica kryje si\u0119&nbsp;pomi\u0119dzy s\u0142owami wakacje a&nbsp;lato. Dla&nbsp;mnie by\u0142y to&nbsp;synonimy, dla&nbsp;moich rodzic\u00f3w dwa&nbsp;zupe\u0142nie odmienne znaczenia.<\/p>\n<p>Po kilku latach odkry\u0142am r\u00f3\u017cnic\u0119 i&nbsp;teraz ju\u017c&nbsp;wiem, \u017ce&nbsp;wakacje to&nbsp;czas wolny, przeznaczony na&nbsp;odpoczynek, natomiast nastanie lata, niekoniecznie gwarantuje relaks. Bardzo cz\u0119sto, gdy&nbsp;za&nbsp;oknem zaczynaj\u0105 go\u015bci\u0107 temperatury + 30&nbsp;stopni C&nbsp;a&nbsp;nasze my\u015bli kr\u0105\u017c\u0105 wok\u00f3\u0142 piaszczystych wysp w&nbsp;egzotycznych krajach, sterta dokument\u00f3w na&nbsp;biurku patrzy na&nbsp;nas&nbsp;z&nbsp;wyrzutem i&nbsp;krzyczy wraz z&nbsp;szefem: do&nbsp;roboty!\u2028\u2028Czy praca latem rzeczywi\u015bcie jest taka z\u0142a?<br \/>\nNie oszukujmy si\u0119&nbsp;\u2013 szczytem naszych marze\u0144 nie&nbsp;jest siedzenie w&nbsp;biurze, podczas gdy&nbsp;\u017car&nbsp;leje si\u0119&nbsp;z&nbsp;nieba. Badania przeprowadzone przez Captivate Network wykaza\u0142y, \u017ce&nbsp;podczas upa\u0142\u00f3w produktywno\u015b\u0107 spada o&nbsp;oko\u0142o 20%, a&nbsp;zdolno\u015b\u0107 koncentracji obni\u017ca si\u0119&nbsp;o&nbsp;19%. Projekty zabieraj\u0105 oko\u0142o 13% wi\u0119cej czasu ni\u017c&nbsp;w&nbsp;okresie jesienno-zimowym, a&nbsp;cz\u0142owiek jest o&nbsp;45% bardziej podatny na&nbsp;rozproszenie uwagi.<\/p>\n<h3>Czy istniej\u0105 sposoby, aby&nbsp;to&nbsp;zmieni\u0107?<\/h3>\n<p>Nie ma&nbsp;idealnego rozwi\u0105zania, aby&nbsp;zmieni\u0107 umys\u0142 milion\u00f3w ludzi i&nbsp;przeprogramowa\u0107 to, co&nbsp;od&nbsp;wiek\u00f3w le\u017cy w&nbsp;naszej naturze. Ka\u017cdy cz\u0142owiek s\u0142ysz\u0105c s\u0142o\u0144ce, upa\u0142, lato od&nbsp;razu przenosi si\u0119&nbsp;w&nbsp;rejony ch\u0142odnej wody, z\u0142otego piasku i&nbsp;cienia, w&nbsp;kt\u00f3rym mo\u017ce si\u0119&nbsp;ukry\u0107. Jest jednak kilka sposob\u00f3w na&nbsp;to, \u017ceby cho\u0107 troch\u0119 ul\u017cy\u0107 sobie podczas gor\u0105cego lata i&nbsp;mimo wszystko cieszy\u0107 si\u0119&nbsp;pi\u0119kn\u0105 pogod\u0105.<\/p>\n<h3>Biurowa apteczka: woda, wiatraki i&nbsp;mro\u017cona kawa<\/h3>\n<p>Najcz\u0119\u015bciej zapominamy o&nbsp;rzeczach oczywistych. To&nbsp;prawda stara jak&nbsp;\u015bwiat. Narzekamy na&nbsp;upa\u0142, zm\u0119czenie, pragnienie, a&nbsp;nie&nbsp;pami\u0119tamy o&nbsp;prawid\u0142owym nawadnianiu organizmu. Przyj\u0119te jest, \u017ce&nbsp;dziennie powinno wypi\u0107 si\u0119&nbsp;oko\u0142o 1,5 l&nbsp;niegazowanej, czystej wody. Podczas fali upa\u0142\u00f3w warto zwi\u0119kszy\u0107 t\u0119&nbsp;ilo\u015b\u0107 \u2013 to&nbsp;z&nbsp;pewno\u015bci\u0105 poprawi nasze samopoczucie. Skoro ju\u017c&nbsp;jeste\u015bmy w&nbsp;sprawie p\u0142yn\u00f3w, warto r\u00f3wnie\u017c wspomnie\u0107 o&nbsp;napoju, bez&nbsp;kt\u00f3rego \u017cadna firma nie&nbsp;jest w&nbsp;stanie funkcjonowa\u0107. Mowa o&nbsp;kawie &#8211; napoju bog\u00f3w, kt\u00f3ry ratuje niejeden projekt i&nbsp;niejedn\u0105 nieprzespan\u0105 noc. Podczas upa\u0142\u00f3w ma&nbsp;tylko jednak wad\u0119 \u2014 jest gor\u0105ca. Mo\u017ce warto zastanowi\u0107 si\u0119&nbsp;nad&nbsp;alternatyw\u0105 i&nbsp;zamieni\u0107 j\u0105&nbsp;w&nbsp;upalne dni&nbsp;na&nbsp;kaw\u0119 mro\u017con\u0105? Niew\u0105tpliwie b\u0119dzie ch\u0142odno i&nbsp;smacznie.\u2028 \u2028Kolejnym krokiem, kt\u00f3ry z&nbsp;pewno\u015bci\u0105 przyniesie nam&nbsp;ulg\u0119, jest stosowanie klimatyzacji w&nbsp;biurze. Je\u015bli jednak w&nbsp;budynku nie&nbsp;ma&nbsp;takiego urz\u0105dzenia, warto zaopatrzy\u0107 si\u0119&nbsp;w&nbsp;przeno\u015bne wiatraki, kt\u00f3re dostarcz\u0105 nam, ch\u0142odnego powietrza. \u2028\u2028Ponadto w&nbsp;wielu firmach obowi\u0105zuje odpowiedni dress code, kt\u00f3ry podczas wysokich temperatur mo\u017ce sta\u0107 si\u0119&nbsp;uci\u0105\u017cliwy. Najcz\u0119\u015bciej s\u0105&nbsp;to&nbsp;garnitury dla&nbsp;m\u0119\u017cczyzn i&nbsp;kostiumy dla&nbsp;kobiet. Warto zadba\u0107, \u017ceby ubi\u00f3r, kt\u00f3ry b\u0119dziemy nosi\u0107 w&nbsp;godzinach pracy, w&nbsp;miar\u0119 mo\u017cliwo\u015bci by\u0142&nbsp;lekki, przewiewny i&nbsp;wykonany z&nbsp;naturalnych w\u0142\u00f3kien.<\/p>\n<h3>Jak zmotywowa\u0107 sw\u00f3j zesp\u00f3\u0142 do&nbsp;pracy?<\/h3>\n<p>Je\u015bli odpowiadasz za&nbsp;nadz\u00f3r projektu, masz pod&nbsp;sob\u0105 ludzi i&nbsp;jeste\u015b odpowiedzialny za&nbsp;ca\u0142okszta\u0142t wykonanej pracy a&nbsp;w\u0142a\u015bnie nasta\u0142a fala upa\u0142\u00f3w- szczerze wsp\u00f3\u0142czuj\u0119. Musisz si\u0119&nbsp;zmierzy\u0107 nie&nbsp;tylko z&nbsp;wysok\u0105 temperatur\u0105, ale&nbsp;r\u00f3wnie\u017c z&nbsp;brakiem energii ze&nbsp;strony zespo\u0142u, obni\u017con\u0105 koncentracj\u0105 i&nbsp;si\u0142\u0105 woli. <\/p>\n<h4>Jak zmotywowa\u0107 ich&nbsp;do&nbsp;dzia\u0142ania?<\/h4>\n<p>Je\u015bli to&nbsp;mo\u017cliwe, zrezygnuj z&nbsp;planu pracy, polegaj\u0105cym na&nbsp;tym, \u017ce&nbsp;ka\u017cdy zajmuje si\u0119&nbsp;tylko swoim zakresem obowi\u0105zk\u00f3w. Zr\u00f3b burz\u0119 m\u00f3zg\u00f3w, zach\u0119\u0107 ich&nbsp;do&nbsp;dzielenia si\u0119&nbsp;pomys\u0142ami. To&nbsp;z&nbsp;pewno\u015bci\u0105 pobudzi ich&nbsp;kreatywno\u015b\u0107 i&nbsp;obudzi zapa\u0142 do&nbsp;pracy. Najgorszym demotywatorem jest nuda i&nbsp;siedzenie samemu 8&nbsp;godzin za&nbsp;biurkiem nad&nbsp;stert\u0105 dokument\u00f3w i&nbsp;przy w\u0142\u0105czonym komputerze.\u2028\u2028Zr\u00f3b konkurs na&nbsp;najlepszy pomys\u0142. Zesp\u00f3\u0142 o&nbsp;wiele bardziej zaanga\u017cuje si\u0119&nbsp;w&nbsp;prac\u0119, gdy&nbsp;b\u0119dzie wiedzia\u0142, \u017ce&nbsp;za&nbsp;staranie czeka go&nbsp;nagroda. Nie&nbsp;musi to&nbsp;by\u0107&nbsp;nic&nbsp;kosztownego, mo\u017ce to&nbsp;by\u0107&nbsp;np. firmowy gad\u017cet, drobny upominek \u2014 to&nbsp;rywalizacja jest najefektywniejszym bod\u017acem.<\/p>\n<h3>Zorganizuj imprez\u0119 integracyjn\u0105 dla&nbsp;swojego zespo\u0142u.<\/h3>\n<p>Nie sam\u0105 prac\u0105 \u017cyje cz\u0142owiek, a&nbsp;ju\u017c&nbsp;szczeg\u00f3lnie nie&nbsp;w&nbsp;lecie. Je\u015bli wsp\u00f3\u0142pracownicy b\u0119d\u0105 mieli okazj\u0119 spotka\u0107 si\u0119&nbsp;prywatnie, poza godzinami pracy a&nbsp;ca\u0142a impreza przebiegnie w&nbsp;mi\u0142ej atmosferze- na&nbsp;pewno dobrze wp\u0142ynie to&nbsp;na&nbsp;prac\u0119 zespo\u0142u. <\/p>\n<h3>\u2028\u2028Kiedy pracowa\u0107?<\/h3>\n<p>\u2028\u2028Je\u015bli masz mo\u017cliwo\u015b\u0107 wykonywania pracy zdalnie albo masz elastyczne godziny pracy warto zastanowi\u0107 si\u0119&nbsp;nad&nbsp;por\u0105 dnia, w&nbsp;kt\u00f3rej wykonujesz swoje obowi\u0105zki. Najmniejsze upa\u0142y panuj\u0105 rankiem i&nbsp;wieczorem. Wtedy lepiej funkcjonujemy, efektywniej dzia\u0142amy. \u2028\u2028Rankiem poziom najwi\u0119kszej aktywno\u015bci przypada o&nbsp;godzinie 10.00. Kolejny czas wzmo\u017conej aktywno\u015bci przypada w&nbsp;godzinach 15.00- 16.00 i&nbsp;utrzymuje si\u0119&nbsp;do&nbsp;godziny 18.00. Je\u015bli w&nbsp;tych godzinach zaplanujemy nasz\u0105 prac\u0119, mo\u017cliwe jest, \u017ce&nbsp;p\u00f3jdzie ona&nbsp;o&nbsp;wiele sprawniej. \u2028\u2028Najmniej efektywny cz\u0142owiek jest o&nbsp;godzinie 14.00, czemu trudno si\u0119&nbsp;dziwi\u0107 \u2013 panuj\u0105 wtedy najwi\u0119ksze upa\u0142y, a&nbsp;ponadto jest to&nbsp;pora obiadowa, gdy&nbsp;jedyne, o&nbsp;czym my\u015blimy to&nbsp;jedzenie. \u2028\u2028B\u0105d\u017a optymist\u0105 \u2028\u2028Kiedy\u015b nadejdzie i&nbsp;tw\u00f3j upragniony urlop, podczas kt\u00f3rego na\u0142adujesz akumulatory. A&nbsp;je\u015bli w&nbsp;tym&nbsp;roku nie&nbsp;jest ci&nbsp;on&nbsp;pisany- pami\u0119taj, \u017ce&nbsp;po&nbsp;pracy istnieje mn\u00f3stwo wolnego czasu, kt\u00f3ry mo\u017cna wykorzysta\u0107 tak, aby&nbsp;skorzysta\u0107 z&nbsp;wszystkich letnich atrakcji. I&nbsp;pami\u0119taj- promienie s\u0142oneczne opr\u00f3cz ciep\u0142a wyzwalaj\u0105 r\u00f3wnie\u017c pozytywne my\u015blenie \u2014 b\u0105d\u017a wi\u0119c optymist\u0105, nie&nbsp;taki straszny upa\u0142 jak&nbsp;go&nbsp;maluj\u0105.<\/p>\n","protected":false},"excerpt":{"rendered":"<p>Upa\u0142 kontra efektywno\u015b\u0107, czyli o tym, jak pracowa\u0107 latem\u2028\u2028Jako dziecko w wieku szkolnym cz\u0119sto zastanawia\u0142am si\u0119, jaka r\u00f3\u017cnica kryje si\u0119 pomi\u0119dzy s\u0142owami wakacje a lato. Dla mnie by\u0142y to synonimy, dla moich rodzic\u00f3w dwa zupe\u0142nie odmienne znaczenia.<\/p>\n","protected":false},"author":1,"featured_media":2637,"comment_status":"closed","ping_status":"closed","sticky":false,"template":"","format":"standard","meta":{"footnotes":""},"categories":[35],"tags":[],"class_list":["post-2634","post","type-post","status-publish","format-standard","has-post-thumbnail","hentry","category-porady"],"yoast_head":"<!-- This site is optimized with the Yoast SEO plugin v28.2 - https:\/\/yoast.com\/product\/yoast-seo-wordpress\/ -->\n<title>\u2028Upa\u0142 kontra efektywno\u015b\u0107, czyli o tym jak pracowa\u0107 latem?<\/title>\n<meta name=\"description\" content=\"W upa\u0142y pracuje si\u0119 najgorzej. Dowiedz si\u0119, jak pracowa\u0107 i przetrwa\u0107 w biurze letnie upa\u0142y.\" \/>\n<meta name=\"robots\" content=\"index, follow, max-snippet:-1, max-image-preview:large, max-video-preview:-1\" \/>\n<link rel=\"canonical\" href=\"https:\/\/minicrm.pl\/blog\/jak-pracowac-efektywnie-w-upal-latem\/\" \/>\n<meta property=\"og:locale\" content=\"pl_PL\" \/>\n<meta property=\"og:type\" content=\"article\" \/>\n<meta property=\"og:title\" content=\"\u2028Upa\u0142 kontra efektywno\u015b\u0107, czyli o tym jak pracowa\u0107 latem?\" \/>\n<meta property=\"og:description\" content=\"W upa\u0142y pracuje si\u0119 najgorzej. Dowiedz si\u0119, jak pracowa\u0107 i przetrwa\u0107 w biurze letnie upa\u0142y.\" \/>\n<meta property=\"og:url\" content=\"https:\/\/minicrm.pl\/blog\/jak-pracowac-efektywnie-w-upal-latem\/\" \/>\n<meta property=\"og:site_name\" content=\"Blog miniCRM \u2013 Prosty CRM online\" \/>\n<meta property=\"article:publisher\" content=\"https:\/\/www.facebook.com\/minicrm\" \/>\n<meta property=\"article:author\" content=\"https:\/\/www.facebook.com\/maksymilian.sleziak\" \/>\n<meta property=\"article:published_time\" content=\"2015-07-20T11:24:26+00:00\" \/>\n<meta property=\"article:modified_time\" content=\"2015-07-24T10:49:17+00:00\" \/>\n<meta property=\"og:image\" content=\"https:\/\/minicrm.pl\/blog\/wp-content\/uploads\/2015\/07\/upal-biuro-office.jpg\" \/>\n\t<meta property=\"og:image:width\" content=\"1200\" \/>\n\t<meta property=\"og:image:height\" content=\"830\" \/>\n\t<meta property=\"og:image:type\" content=\"image\/jpeg\" \/>\n<meta name=\"author\" content=\"maxbmx\" \/>\n<meta name=\"twitter:card\" content=\"summary_large_image\" \/>\n<meta name=\"twitter:creator\" content=\"@maxbmx\" \/>\n<meta name=\"twitter:site\" content=\"@minicrm_pl\" \/>\n<meta name=\"twitter:label1\" content=\"Napisane przez\" \/>\n\t<meta name=\"twitter:data1\" content=\"maxbmx\" \/>\n\t<meta name=\"twitter:label2\" content=\"Szacowany czas czytania\" \/>\n\t<meta name=\"twitter:data2\" content=\"5 minut\" \/>\n<script type=\"application\/ld+json\" class=\"yoast-schema-graph\">{\"@context\":\"https:\\\/\\\/schema.org\",\"@graph\":[{\"@type\":\"Article\",\"@id\":\"https:\\\/\\\/minicrm.pl\\\/blog\\\/jak-pracowac-efektywnie-w-upal-latem\\\/#article\",\"isPartOf\":{\"@id\":\"https:\\\/\\\/minicrm.pl\\\/blog\\\/jak-pracowac-efektywnie-w-upal-latem\\\/\"},\"author\":{\"name\":\"maxbmx\",\"@id\":\"https:\\\/\\\/minicrm.pl\\\/blog\\\/#\\\/schema\\\/person\\\/f8d4f3caec9d2d6a0f1890442cf2bcf3\"},\"headline\":\"\\u2028Upa\u0142 kontra efektywno\u015b\u0107, czyli o tym jak pracowa\u0107 latem\",\"datePublished\":\"2015-07-20T11:24:26+00:00\",\"dateModified\":\"2015-07-24T10:49:17+00:00\",\"mainEntityOfPage\":{\"@id\":\"https:\\\/\\\/minicrm.pl\\\/blog\\\/jak-pracowac-efektywnie-w-upal-latem\\\/\"},\"wordCount\":944,\"image\":{\"@id\":\"https:\\\/\\\/minicrm.pl\\\/blog\\\/jak-pracowac-efektywnie-w-upal-latem\\\/#primaryimage\"},\"thumbnailUrl\":\"https:\\\/\\\/minicrm.pl\\\/blog\\\/wp-content\\\/uploads\\\/2015\\\/07\\\/upal-biuro-office.jpg\",\"articleSection\":[\"Porady\"],\"inLanguage\":\"pl-PL\"},{\"@type\":\"WebPage\",\"@id\":\"https:\\\/\\\/minicrm.pl\\\/blog\\\/jak-pracowac-efektywnie-w-upal-latem\\\/\",\"url\":\"https:\\\/\\\/minicrm.pl\\\/blog\\\/jak-pracowac-efektywnie-w-upal-latem\\\/\",\"name\":\"\\u2028Upa\u0142 kontra efektywno\u015b\u0107, czyli o tym jak pracowa\u0107 latem?\",\"isPartOf\":{\"@id\":\"https:\\\/\\\/minicrm.pl\\\/blog\\\/#website\"},\"primaryImageOfPage\":{\"@id\":\"https:\\\/\\\/minicrm.pl\\\/blog\\\/jak-pracowac-efektywnie-w-upal-latem\\\/#primaryimage\"},\"image\":{\"@id\":\"https:\\\/\\\/minicrm.pl\\\/blog\\\/jak-pracowac-efektywnie-w-upal-latem\\\/#primaryimage\"},\"thumbnailUrl\":\"https:\\\/\\\/minicrm.pl\\\/blog\\\/wp-content\\\/uploads\\\/2015\\\/07\\\/upal-biuro-office.jpg\",\"datePublished\":\"2015-07-20T11:24:26+00:00\",\"dateModified\":\"2015-07-24T10:49:17+00:00\",\"author\":{\"@id\":\"https:\\\/\\\/minicrm.pl\\\/blog\\\/#\\\/schema\\\/person\\\/f8d4f3caec9d2d6a0f1890442cf2bcf3\"},\"description\":\"W upa\u0142y pracuje si\u0119 najgorzej. Dowiedz si\u0119, jak pracowa\u0107 i przetrwa\u0107 w biurze letnie upa\u0142y.\",\"breadcrumb\":{\"@id\":\"https:\\\/\\\/minicrm.pl\\\/blog\\\/jak-pracowac-efektywnie-w-upal-latem\\\/#breadcrumb\"},\"inLanguage\":\"pl-PL\",\"potentialAction\":[{\"@type\":\"ReadAction\",\"target\":[\"https:\\\/\\\/minicrm.pl\\\/blog\\\/jak-pracowac-efektywnie-w-upal-latem\\\/\"]}]},{\"@type\":\"ImageObject\",\"inLanguage\":\"pl-PL\",\"@id\":\"https:\\\/\\\/minicrm.pl\\\/blog\\\/jak-pracowac-efektywnie-w-upal-latem\\\/#primaryimage\",\"url\":\"https:\\\/\\\/minicrm.pl\\\/blog\\\/wp-content\\\/uploads\\\/2015\\\/07\\\/upal-biuro-office.jpg\",\"contentUrl\":\"https:\\\/\\\/minicrm.pl\\\/blog\\\/wp-content\\\/uploads\\\/2015\\\/07\\\/upal-biuro-office.jpg\",\"width\":1200,\"height\":830},{\"@type\":\"BreadcrumbList\",\"@id\":\"https:\\\/\\\/minicrm.pl\\\/blog\\\/jak-pracowac-efektywnie-w-upal-latem\\\/#breadcrumb\",\"itemListElement\":[{\"@type\":\"ListItem\",\"position\":1,\"name\":\"Strona g\u0142\u00f3wna\",\"item\":\"https:\\\/\\\/minicrm.pl\\\/blog\\\/\"},{\"@type\":\"ListItem\",\"position\":2,\"name\":\"\\u2028Upa\u0142 kontra efektywno\u015b\u0107, czyli o tym jak pracowa\u0107 latem\"}]},{\"@type\":\"WebSite\",\"@id\":\"https:\\\/\\\/minicrm.pl\\\/blog\\\/#website\",\"url\":\"https:\\\/\\\/minicrm.pl\\\/blog\\\/\",\"name\":\"Blog miniCRM \u2013 Prosty CRM online\",\"description\":\"Porady i ciekawe informacje na temat prowadzenia firmy, produktywno\u015bci i nowo\u015bci w miniCRM - Prostym CRM online dla ma\u0142ych firm.\",\"potentialAction\":[{\"@type\":\"SearchAction\",\"target\":{\"@type\":\"EntryPoint\",\"urlTemplate\":\"https:\\\/\\\/minicrm.pl\\\/blog\\\/?s={search_term_string}\"},\"query-input\":{\"@type\":\"PropertyValueSpecification\",\"valueRequired\":true,\"valueName\":\"search_term_string\"}}],\"inLanguage\":\"pl-PL\"},{\"@type\":\"Person\",\"@id\":\"https:\\\/\\\/minicrm.pl\\\/blog\\\/#\\\/schema\\\/person\\\/f8d4f3caec9d2d6a0f1890442cf2bcf3\",\"name\":\"maxbmx\",\"image\":{\"@type\":\"ImageObject\",\"inLanguage\":\"pl-PL\",\"@id\":\"https:\\\/\\\/secure.gravatar.com\\\/avatar\\\/196feecd67a35cc67907aaeaa937ea4d349865d191fe42461f41eb9a1c012346?s=96&d=mm&r=g\",\"url\":\"https:\\\/\\\/secure.gravatar.com\\\/avatar\\\/196feecd67a35cc67907aaeaa937ea4d349865d191fe42461f41eb9a1c012346?s=96&d=mm&r=g\",\"contentUrl\":\"https:\\\/\\\/secure.gravatar.com\\\/avatar\\\/196feecd67a35cc67907aaeaa937ea4d349865d191fe42461f41eb9a1c012346?s=96&d=mm&r=g\",\"caption\":\"maxbmx\"},\"description\":\"W bran\u017cy internetowej od 10 lat. W miniCRM odpowiedzialny za rozw\u00f3j aplikacji i dzia\u0142ania promocyjne. Prywatnie interesuje si\u0119 kolarstwem g\u00f3rskim i sprz\u0119tem Apple.\",\"sameAs\":[\"http:\\\/\\\/minicrm.pl\",\"https:\\\/\\\/www.facebook.com\\\/maksymilian.sleziak\",\"https:\\\/\\\/x.com\\\/maxbmx\"],\"url\":\"https:\\\/\\\/minicrm.pl\\\/blog\\\/author\\\/maxbmx\\\/\"}]}<\/script>\n<!-- \/ Yoast SEO plugin. -->","yoast_head_json":{"title":"\u2028Upa\u0142 kontra efektywno\u015b\u0107, czyli o tym jak pracowa\u0107 latem?","description":"W upa\u0142y pracuje si\u0119 najgorzej. Dowiedz si\u0119, jak pracowa\u0107 i przetrwa\u0107 w biurze letnie upa\u0142y.","robots":{"index":"index","follow":"follow","max-snippet":"max-snippet:-1","max-image-preview":"max-image-preview:large","max-video-preview":"max-video-preview:-1"},"canonical":"https:\/\/minicrm.pl\/blog\/jak-pracowac-efektywnie-w-upal-latem\/","og_locale":"pl_PL","og_type":"article","og_title":"\u2028Upa\u0142 kontra efektywno\u015b\u0107, czyli o tym jak pracowa\u0107 latem?","og_description":"W upa\u0142y pracuje si\u0119 najgorzej. Dowiedz si\u0119, jak pracowa\u0107 i przetrwa\u0107 w biurze letnie upa\u0142y.","og_url":"https:\/\/minicrm.pl\/blog\/jak-pracowac-efektywnie-w-upal-latem\/","og_site_name":"Blog miniCRM \u2013 Prosty CRM online","article_publisher":"https:\/\/www.facebook.com\/minicrm","article_author":"https:\/\/www.facebook.com\/maksymilian.sleziak","article_published_time":"2015-07-20T11:24:26+00:00","article_modified_time":"2015-07-24T10:49:17+00:00","og_image":[{"width":1200,"height":830,"url":"https:\/\/minicrm.pl\/blog\/wp-content\/uploads\/2015\/07\/upal-biuro-office.jpg","type":"image\/jpeg"}],"author":"maxbmx","twitter_card":"summary_large_image","twitter_creator":"@maxbmx","twitter_site":"@minicrm_pl","twitter_misc":{"Napisane przez":"maxbmx","Szacowany czas czytania":"5 minut"},"schema":{"@context":"https:\/\/schema.org","@graph":[{"@type":"Article","@id":"https:\/\/minicrm.pl\/blog\/jak-pracowac-efektywnie-w-upal-latem\/#article","isPartOf":{"@id":"https:\/\/minicrm.pl\/blog\/jak-pracowac-efektywnie-w-upal-latem\/"},"author":{"name":"maxbmx","@id":"https:\/\/minicrm.pl\/blog\/#\/schema\/person\/f8d4f3caec9d2d6a0f1890442cf2bcf3"},"headline":"\u2028Upa\u0142 kontra efektywno\u015b\u0107, czyli o tym jak pracowa\u0107 latem","datePublished":"2015-07-20T11:24:26+00:00","dateModified":"2015-07-24T10:49:17+00:00","mainEntityOfPage":{"@id":"https:\/\/minicrm.pl\/blog\/jak-pracowac-efektywnie-w-upal-latem\/"},"wordCount":944,"image":{"@id":"https:\/\/minicrm.pl\/blog\/jak-pracowac-efektywnie-w-upal-latem\/#primaryimage"},"thumbnailUrl":"https:\/\/minicrm.pl\/blog\/wp-content\/uploads\/2015\/07\/upal-biuro-office.jpg","articleSection":["Porady"],"inLanguage":"pl-PL"},{"@type":"WebPage","@id":"https:\/\/minicrm.pl\/blog\/jak-pracowac-efektywnie-w-upal-latem\/","url":"https:\/\/minicrm.pl\/blog\/jak-pracowac-efektywnie-w-upal-latem\/","name":"\u2028Upa\u0142 kontra efektywno\u015b\u0107, czyli o tym jak pracowa\u0107 latem?","isPartOf":{"@id":"https:\/\/minicrm.pl\/blog\/#website"},"primaryImageOfPage":{"@id":"https:\/\/minicrm.pl\/blog\/jak-pracowac-efektywnie-w-upal-latem\/#primaryimage"},"image":{"@id":"https:\/\/minicrm.pl\/blog\/jak-pracowac-efektywnie-w-upal-latem\/#primaryimage"},"thumbnailUrl":"https:\/\/minicrm.pl\/blog\/wp-content\/uploads\/2015\/07\/upal-biuro-office.jpg","datePublished":"2015-07-20T11:24:26+00:00","dateModified":"2015-07-24T10:49:17+00:00","author":{"@id":"https:\/\/minicrm.pl\/blog\/#\/schema\/person\/f8d4f3caec9d2d6a0f1890442cf2bcf3"},"description":"W upa\u0142y pracuje si\u0119 najgorzej. Dowiedz si\u0119, jak pracowa\u0107 i przetrwa\u0107 w biurze letnie upa\u0142y.","breadcrumb":{"@id":"https:\/\/minicrm.pl\/blog\/jak-pracowac-efektywnie-w-upal-latem\/#breadcrumb"},"inLanguage":"pl-PL","potentialAction":[{"@type":"ReadAction","target":["https:\/\/minicrm.pl\/blog\/jak-pracowac-efektywnie-w-upal-latem\/"]}]},{"@type":"ImageObject","inLanguage":"pl-PL","@id":"https:\/\/minicrm.pl\/blog\/jak-pracowac-efektywnie-w-upal-latem\/#primaryimage","url":"https:\/\/minicrm.pl\/blog\/wp-content\/uploads\/2015\/07\/upal-biuro-office.jpg","contentUrl":"https:\/\/minicrm.pl\/blog\/wp-content\/uploads\/2015\/07\/upal-biuro-office.jpg","width":1200,"height":830},{"@type":"BreadcrumbList","@id":"https:\/\/minicrm.pl\/blog\/jak-pracowac-efektywnie-w-upal-latem\/#breadcrumb","itemListElement":[{"@type":"ListItem","position":1,"name":"Strona g\u0142\u00f3wna","item":"https:\/\/minicrm.pl\/blog\/"},{"@type":"ListItem","position":2,"name":"\u2028Upa\u0142 kontra efektywno\u015b\u0107, czyli o tym jak pracowa\u0107 latem"}]},{"@type":"WebSite","@id":"https:\/\/minicrm.pl\/blog\/#website","url":"https:\/\/minicrm.pl\/blog\/","name":"Blog miniCRM \u2013 Prosty CRM online","description":"Porady i ciekawe informacje na temat prowadzenia firmy, produktywno\u015bci i nowo\u015bci w miniCRM - Prostym CRM online dla ma\u0142ych firm.","potentialAction":[{"@type":"SearchAction","target":{"@type":"EntryPoint","urlTemplate":"https:\/\/minicrm.pl\/blog\/?s={search_term_string}"},"query-input":{"@type":"PropertyValueSpecification","valueRequired":true,"valueName":"search_term_string"}}],"inLanguage":"pl-PL"},{"@type":"Person","@id":"https:\/\/minicrm.pl\/blog\/#\/schema\/person\/f8d4f3caec9d2d6a0f1890442cf2bcf3","name":"maxbmx","image":{"@type":"ImageObject","inLanguage":"pl-PL","@id":"https:\/\/secure.gravatar.com\/avatar\/196feecd67a35cc67907aaeaa937ea4d349865d191fe42461f41eb9a1c012346?s=96&d=mm&r=g","url":"https:\/\/secure.gravatar.com\/avatar\/196feecd67a35cc67907aaeaa937ea4d349865d191fe42461f41eb9a1c012346?s=96&d=mm&r=g","contentUrl":"https:\/\/secure.gravatar.com\/avatar\/196feecd67a35cc67907aaeaa937ea4d349865d191fe42461f41eb9a1c012346?s=96&d=mm&r=g","caption":"maxbmx"},"description":"W bran\u017cy internetowej od 10 lat. W miniCRM odpowiedzialny za rozw\u00f3j aplikacji i dzia\u0142ania promocyjne. Prywatnie interesuje si\u0119 kolarstwem g\u00f3rskim i sprz\u0119tem Apple.","sameAs":["http:\/\/minicrm.pl","https:\/\/www.facebook.com\/maksymilian.sleziak","https:\/\/x.com\/maxbmx"],"url":"https:\/\/minicrm.pl\/blog\/author\/maxbmx\/"}]}},"_links":{"self":[{"href":"https:\/\/minicrm.pl\/blog\/wp-json\/wp\/v2\/posts\/2634","targetHints":{"allow":["GET"]}}],"collection":[{"href":"https:\/\/minicrm.pl\/blog\/wp-json\/wp\/v2\/posts"}],"about":[{"href":"https:\/\/minicrm.pl\/blog\/wp-json\/wp\/v2\/types\/post"}],"author":[{"embeddable":true,"href":"https:\/\/minicrm.pl\/blog\/wp-json\/wp\/v2\/users\/1"}],"replies":[{"embeddable":true,"href":"https:\/\/minicrm.pl\/blog\/wp-json\/wp\/v2\/comments?post=2634"}],"version-history":[{"count":6,"href":"https:\/\/minicrm.pl\/blog\/wp-json\/wp\/v2\/posts\/2634\/revisions"}],"predecessor-version":[{"id":2645,"href":"https:\/\/minicrm.pl\/blog\/wp-json\/wp\/v2\/posts\/2634\/revisions\/2645"}],"wp:featuredmedia":[{"embeddable":true,"href":"https:\/\/minicrm.pl\/blog\/wp-json\/wp\/v2\/media\/2637"}],"wp:attachment":[{"href":"https:\/\/minicrm.pl\/blog\/wp-json\/wp\/v2\/media?parent=2634"}],"wp:term":[{"taxonomy":"category","embeddable":true,"href":"https:\/\/minicrm.pl\/blog\/wp-json\/wp\/v2\/categories?post=2634"},{"taxonomy":"post_tag","embeddable":true,"href":"https:\/\/minicrm.pl\/blog\/wp-json\/wp\/v2\/tags?post=2634"}],"curies":[{"name":"wp","href":"https:\/\/api.w.org\/{rel}","templated":true}]}}