{"id":2856,"date":"2015-11-30T13:28:00","date_gmt":"2015-11-30T12:28:00","guid":{"rendered":"https:\/\/minicrm.pl\/blog\/?p=2856"},"modified":"2015-12-03T17:59:02","modified_gmt":"2015-12-03T16:59:02","slug":"nowe-funkcje-na-miare-2016-roku","status":"publish","type":"post","link":"https:\/\/minicrm.pl\/blog\/nowe-funkcje-na-miare-2016-roku\/","title":{"rendered":"Nowe funkcje w miniCRM na miar\u0119 2016 roku"},"content":{"rendered":"<h3>Nowe funkcjonalno\u015bci wprowadzone w&nbsp;ostatnim czasie w&nbsp;miniCRM<\/h3>\n<p class=\"lead\">Nie spoczywamy na&nbsp;laurach, lecz <b>nieustannie rozwijamy aplikacj\u0119 miniCRM<\/b>. Oto&nbsp;nowe funkcje i&nbsp;usprawnienia, wprowadzone ostatnio w&nbsp;miniCRM, kt\u00f3re jeszcze bardziej <b>pomog\u0105 Wam&nbsp;w&nbsp;codziennej pracy<\/b>.<\/p>\n<h3>Mo\u017cliwo\u015b\u0107 wykonywania eksportu kontakt\u00f3w i&nbsp;interes\u00f3w oraz zamkni\u0119tych zada\u0144 wraz z&nbsp;notatkami<\/h3>\n<p>Opcja pobierania na&nbsp;sw\u00f3j komputer <b>raport\u00f3w w&nbsp;formacie .xls<\/b> z&nbsp;zamkni\u0119tymi zadaniami, interesami oraz kontaktami wraz z&nbsp;dodanymi do&nbsp;nich notatkami znajduje si\u0119&nbsp;w&nbsp;funkcji raporty, na&nbsp;samym jej&nbsp;pocz\u0105tku.<\/p>\n<p><img loading=\"lazy\" decoding=\"async\" width=\"932\" height=\"608\" class=\"aligncenter wp-image-2879\" style=\"max-width: 600px; width: 100%;\" src=\"https:\/\/minicrm.pl\/blog\/wp-content\/uploads\/2015\/11\/Screenshot-2015-11-26-13_23_18_ver001.png\" alt=\"eksport-kontakt\u00f3w-interesow-zamknietych-zadan-z-notatkami\" srcset=\"https:\/\/minicrm.pl\/blog\/wp-content\/uploads\/2015\/11\/Screenshot-2015-11-26-13_23_18_ver001.png 932w, https:\/\/minicrm.pl\/blog\/wp-content\/uploads\/2015\/11\/Screenshot-2015-11-26-13_23_18_ver001-300x196.png 300w, https:\/\/minicrm.pl\/blog\/wp-content\/uploads\/2015\/11\/Screenshot-2015-11-26-13_23_18_ver001-799x521.png 799w\" sizes=\"(max-width: 932px) 100vw, 932px\" \/><\/p>\n<h3>Filtr \u201ePrzydzielone zadania\u201d dla&nbsp;listy interes\u00f3w<\/h3>\n<p>Filtr pozwala na&nbsp;selekcj\u0119 interes\u00f3w na&nbsp;li\u015bcie pod&nbsp;wzgl\u0119dem powi\u0105zanych z&nbsp;nimi zada\u0144. Do&nbsp;wyboru u\u017cytkownik ma&nbsp;2&nbsp;podfiltry &#8211; <b>interesy z&nbsp;zadaniami i&nbsp;bez&nbsp;zada\u0144<\/b>. Przypomnijmy, zadaniem dla&nbsp;poszczeg\u00f3lnego interesu mo\u017ce by\u0107&nbsp;na&nbsp;przyk\u0142ad projekt, spotkanie z&nbsp;klientem lub&nbsp;telefon do&nbsp;niego.<\/p>\n<p><img loading=\"lazy\" decoding=\"async\" width=\"1040\" height=\"551\" class=\"aligncenter wp-image-2861\" style=\"max-width: 600px; width: 100%;\" src=\"https:\/\/minicrm.pl\/blog\/wp-content\/uploads\/2015\/11\/copy-1-of-Screenshot-2015-11-26-09_49_50_ver001.png\" alt=\"copy 1&nbsp;of&nbsp;Screenshot - 2015-11-26 , 09_49_50_ver001\" srcset=\"https:\/\/minicrm.pl\/blog\/wp-content\/uploads\/2015\/11\/copy-1-of-Screenshot-2015-11-26-09_49_50_ver001.png 1040w, https:\/\/minicrm.pl\/blog\/wp-content\/uploads\/2015\/11\/copy-1-of-Screenshot-2015-11-26-09_49_50_ver001-300x159.png 300w, https:\/\/minicrm.pl\/blog\/wp-content\/uploads\/2015\/11\/copy-1-of-Screenshot-2015-11-26-09_49_50_ver001-799x423.png 799w\" sizes=\"(max-width: 1040px) 100vw, 1040px\" \/><\/p>\n<h3>Filtr \u201eTyp dzia\u0142a\u0144\u201d dla&nbsp;historii dzia\u0142a\u0144 oraz notatek<\/h3>\n<p>Filtr pozwala na&nbsp;posegregowanie istniej\u0105cych w&nbsp;bazie dzia\u0142a\u0144 oraz notatek wed\u0142ug zastosowanych wzgl\u0119dem nich czynno\u015bci. To&nbsp;<b>szybki spos\u00f3b na&nbsp;odnalezienie interesuj\u0105cego nas&nbsp;dzia\u0142ania<\/b> czy&nbsp;potrzebnej w&nbsp;danej chwili notatki. Pami\u0119tajmy, \u017ce&nbsp;notatki mo\u017cemy powi\u0105zywa\u0107 z&nbsp;poszczeg\u00f3lnymi dzia\u0142aniami, zadania, interesami i&nbsp;kontaktami. Wprowadzony filtr segreguje dzia\u0142ania i&nbsp;notatki wzgl\u0119dem takich typ\u00f3w dzia\u0142a\u0144, jak&nbsp;na&nbsp;przyk\u0142ad: dodanie interesu, edycja kontaktu, otwarcie zadania, dodanie notatki czy&nbsp;usuni\u0119cie tagu.<\/p>\n<p><img loading=\"lazy\" decoding=\"async\" width=\"913\" height=\"652\" class=\"aligncenter wp-image-2865\" style=\"max-width: 600px; width: 100%;\" src=\"https:\/\/minicrm.pl\/blog\/wp-content\/uploads\/2015\/11\/Screenshot-2015-11-26-10_08_35_ver001.png\" alt=\"Screenshot - 2015-11-26 , 10_08_35_ver001\" srcset=\"https:\/\/minicrm.pl\/blog\/wp-content\/uploads\/2015\/11\/Screenshot-2015-11-26-10_08_35_ver001.png 913w, https:\/\/minicrm.pl\/blog\/wp-content\/uploads\/2015\/11\/Screenshot-2015-11-26-10_08_35_ver001-300x214.png 300w, https:\/\/minicrm.pl\/blog\/wp-content\/uploads\/2015\/11\/Screenshot-2015-11-26-10_08_35_ver001-799x571.png 799w\" sizes=\"(max-width: 913px) 100vw, 913px\" \/><\/p>\n<h3>Filtr \u201eOstatnia interakcja\u201d<\/h3>\n<p>Filtr odnajdziemy na&nbsp;li\u015bcie kontakt\u00f3w, dotyczy wszystkich u\u017cytkownik\u00f3w aplikacji, nie&nbsp;tylko tych aktualnie zalogowanych. Wybieraj\u0105c <b>przedzia\u0142 czasowy interakcji<\/b>, na&nbsp;li\u015bcie kontakt\u00f3w poka\u017c\u0105 si\u0119&nbsp;te&nbsp;z&nbsp;nich, wobec kt\u00f3rych we&nbsp;wskazanym w&nbsp;filtrze czasie podj\u0119to interakcj\u0119, na&nbsp;przyk\u0142ad dodano lub&nbsp;edytowano notatk\u0119, dodano zadanie.<\/p>\n<p><img loading=\"lazy\" decoding=\"async\" width=\"1192\" height=\"646\" class=\"aligncenter wp-image-2867\" style=\"max-width: 600px; width: 100%;\" src=\"https:\/\/minicrm.pl\/blog\/wp-content\/uploads\/2015\/11\/Screenshot-2015-11-26-10_14_32_ver001.png\" alt=\"Screenshot - 2015-11-26 , 10_14_32_ver001\" srcset=\"https:\/\/minicrm.pl\/blog\/wp-content\/uploads\/2015\/11\/Screenshot-2015-11-26-10_14_32_ver001.png 1192w, https:\/\/minicrm.pl\/blog\/wp-content\/uploads\/2015\/11\/Screenshot-2015-11-26-10_14_32_ver001-300x163.png 300w, https:\/\/minicrm.pl\/blog\/wp-content\/uploads\/2015\/11\/Screenshot-2015-11-26-10_14_32_ver001-799x433.png 799w\" sizes=\"(max-width: 1192px) 100vw, 1192px\" \/><\/p>\n<h3>Filtrowanie kontakt\u00f3w, zada\u0144 i&nbsp;interes\u00f3w po&nbsp;grupie uprawnie\u0144<\/h3>\n<p>Kontakty, zadania i&nbsp;interesy mog\u0105 by\u0107&nbsp;sortowane przy u\u017cyciu wielu filtr\u00f3w &#8211; <b>nowym kryterium jest filtr \u201eUprawniona grupa\u201d<\/b>. Dzi\u0119ki niemu mo\u017cna wydziela\u0107 te&nbsp;kontakty, zadania i&nbsp;interesy, do&nbsp;dost\u0119pu kt\u00f3rych jest uprawniona wskazana w&nbsp;filtrze grupa, czyli na&nbsp;przyk\u0142ad dany dzia\u0142 w&nbsp;firmie. Opcja zarz\u0105dzania grupami &#8211; ich&nbsp;tworzenia, dodawania nowych cz\u0142onk\u00f3w do&nbsp;ju\u017c&nbsp;istniej\u0105cych &#8211; znajduje si\u0119&nbsp;w&nbsp;edycji poszczeg\u00f3lnych kontakt\u00f3w, zada\u0144 i&nbsp;interes\u00f3w.<\/p>\n<p><img loading=\"lazy\" decoding=\"async\" width=\"893\" height=\"646\" class=\"aligncenter wp-image-2869\" style=\"max-width: 600px; width: 100%;\" src=\"https:\/\/minicrm.pl\/blog\/wp-content\/uploads\/2015\/11\/Screenshot-2015-11-26-10_20_51_ver001.png\" alt=\"Screenshot - 2015-11-26 , 10_20_51_ver001\" srcset=\"https:\/\/minicrm.pl\/blog\/wp-content\/uploads\/2015\/11\/Screenshot-2015-11-26-10_20_51_ver001.png 893w, https:\/\/minicrm.pl\/blog\/wp-content\/uploads\/2015\/11\/Screenshot-2015-11-26-10_20_51_ver001-300x217.png 300w, https:\/\/minicrm.pl\/blog\/wp-content\/uploads\/2015\/11\/Screenshot-2015-11-26-10_20_51_ver001-799x578.png 799w\" sizes=\"(max-width: 893px) 100vw, 893px\" \/><\/p>\n<h3>Usprawnienia w&nbsp;formularzach zewn\u0119trznych<\/h3>\n<p>C\u00f3\u017c tu&nbsp;du\u017co m\u00f3wi\u0107 &#8211; w&nbsp;o&nbsp;wiele wi\u0119kszym stopniu usprawnili\u015bmy formularze zewn\u0119trzne, przekonajcie si\u0119&nbsp;o&nbsp;tym&nbsp;sami.<\/p>\n<h3>Mo\u017cliwo\u015b\u0107 masowej zmiany uprawnie\u0144 kontakt\u00f3w z&nbsp;poziomu listy<\/h3>\n<p>Zaznaczaj\u0105c jednym klikni\u0119ciem na&nbsp;li\u015bcie wszystkie kontakty, pod&nbsp;list\u0105 filtr\u00f3w pojawia si\u0119&nbsp;mi\u0119dzy innymi funkcja uprawnie\u0144. Dzi\u0119ki niej mo\u017cemy <b>okre\u015bli\u0107 dost\u0119p u\u017cytkownik\u00f3w dla&nbsp;wszystkich zaznaczonych na&nbsp;li\u015bcie kontakt\u00f3w<\/b>, bez&nbsp;konieczno\u015bci edytowania ka\u017cdorazowo pojedynczych kontakt\u00f3w.<\/p>\n<p><img loading=\"lazy\" decoding=\"async\" width=\"1173\" height=\"625\" class=\"aligncenter wp-image-2870\" style=\"max-width: 600px; width: 100%;\" src=\"https:\/\/minicrm.pl\/blog\/wp-content\/uploads\/2015\/11\/Screenshot-2015-11-26-10_24_21_ver001.png\" alt=\"Screenshot - 2015-11-26 , 10_24_21_ver001\" srcset=\"https:\/\/minicrm.pl\/blog\/wp-content\/uploads\/2015\/11\/Screenshot-2015-11-26-10_24_21_ver001.png 1173w, https:\/\/minicrm.pl\/blog\/wp-content\/uploads\/2015\/11\/Screenshot-2015-11-26-10_24_21_ver001-300x160.png 300w, https:\/\/minicrm.pl\/blog\/wp-content\/uploads\/2015\/11\/Screenshot-2015-11-26-10_24_21_ver001-799x426.png 799w\" sizes=\"(max-width: 1173px) 100vw, 1173px\" \/><\/p>\n<h3>Ustawienia grup uprawnie\u0144 przeniesione do&nbsp;ustawie\u0144 konta<\/h3>\n<p>Grupy uprawnione do&nbsp;dost\u0119pu do&nbsp;kontakt\u00f3w, zada\u0144 i&nbsp;interes\u00f3w znajduj\u0105 si\u0119&nbsp;w&nbsp;ustawieniach konta, w&nbsp;zak\u0142adce \u201eGrupy\u201d. Mo\u017cna w&nbsp;tym&nbsp;miejscu z&nbsp;\u0142atwo\u015bci\u0105 <b>dodawa\u0107 nowe grupy lub&nbsp;edytowa\u0107 ju\u017c&nbsp;istniej\u0105ce<\/b>.<\/p>\n<p><img loading=\"lazy\" decoding=\"async\" width=\"1170\" height=\"434\" class=\"aligncenter wp-image-2872\" style=\"max-width: 600px; width: 100%;\" src=\"https:\/\/minicrm.pl\/blog\/wp-content\/uploads\/2015\/11\/Screenshot-2015-11-26-10_28_39_ver001.png\" alt=\"Screenshot - 2015-11-26 , 10_28_39_ver001\" srcset=\"https:\/\/minicrm.pl\/blog\/wp-content\/uploads\/2015\/11\/Screenshot-2015-11-26-10_28_39_ver001.png 1170w, https:\/\/minicrm.pl\/blog\/wp-content\/uploads\/2015\/11\/Screenshot-2015-11-26-10_28_39_ver001-300x111.png 300w, https:\/\/minicrm.pl\/blog\/wp-content\/uploads\/2015\/11\/Screenshot-2015-11-26-10_28_39_ver001-799x296.png 799w\" sizes=\"(max-width: 1170px) 100vw, 1170px\" \/><\/p>\n<h3>Opcja: Nazwa kontaktu na&nbsp;li\u015bcie<\/h3>\n<p>Opcja znajduje si\u0119&nbsp;w&nbsp;og\u00f3lnych ustawieniach konta. Mamy do&nbsp;wyboru 2&nbsp;mo\u017cliwo\u015bci formatu nazwy kontaktu na&nbsp;li\u015bcie: <b>imi\u0119 i&nbsp;nazwisko lub&nbsp;nazwisko i&nbsp;imi\u0119<\/b>.<\/p>\n<p><img loading=\"lazy\" decoding=\"async\" width=\"1048\" height=\"649\" class=\"aligncenter wp-image-2873\" style=\"max-width: 600px; width: 100%;\" src=\"https:\/\/minicrm.pl\/blog\/wp-content\/uploads\/2015\/11\/copy-1-of-Screenshot-2015-11-26-10_31_09.png\" alt=\"copy 1&nbsp;of&nbsp;Screenshot - 2015-11-26 , 10_31_09\" srcset=\"https:\/\/minicrm.pl\/blog\/wp-content\/uploads\/2015\/11\/copy-1-of-Screenshot-2015-11-26-10_31_09.png 1048w, https:\/\/minicrm.pl\/blog\/wp-content\/uploads\/2015\/11\/copy-1-of-Screenshot-2015-11-26-10_31_09-300x186.png 300w, https:\/\/minicrm.pl\/blog\/wp-content\/uploads\/2015\/11\/copy-1-of-Screenshot-2015-11-26-10_31_09-799x495.png 799w\" sizes=\"(max-width: 1048px) 100vw, 1048px\" \/><\/p>\n<h3>Opcja: Format waluty<\/h3>\n<p>Zmiana formatu waluty dost\u0119pna jest w&nbsp;og\u00f3lnych ustawieniach konta. Do&nbsp;wyboru mamy <b>4 rodzaje formatu<\/b>.<\/p>\n<p><img loading=\"lazy\" decoding=\"async\" width=\"980\" height=\"654\" class=\"aligncenter wp-image-2874\" style=\"max-width: 600px; width: 100%;\" src=\"https:\/\/minicrm.pl\/blog\/wp-content\/uploads\/2015\/11\/Screenshot-2015-11-26-10_34_01.png\" alt=\"Screenshot - 2015-11-26 , 10_34_01\" srcset=\"https:\/\/minicrm.pl\/blog\/wp-content\/uploads\/2015\/11\/Screenshot-2015-11-26-10_34_01.png 980w, https:\/\/minicrm.pl\/blog\/wp-content\/uploads\/2015\/11\/Screenshot-2015-11-26-10_34_01-300x200.png 300w, https:\/\/minicrm.pl\/blog\/wp-content\/uploads\/2015\/11\/Screenshot-2015-11-26-10_34_01-799x533.png 799w\" sizes=\"(max-width: 980px) 100vw, 980px\" \/><\/p>\n<h3>Opcja: Domy\u015blne rozwini\u0119cie formularza notatek<\/h3>\n<p>Zaznaczenie opcji \u201eZawsze rozwini\u0119ty formularz notatek\u201d w&nbsp;og\u00f3lnych ustawieniach konta pozwala na&nbsp;<b>rozszerzenie wpisu notatki<\/b> o&nbsp;takie parametry, jak&nbsp;za\u0142\u0105czony plik, data i&nbsp;godzina wydarzenia, jego kategoria oraz powi\u0105zania notatki z&nbsp;kontaktem.<\/p>\n<p><img loading=\"lazy\" decoding=\"async\" width=\"997\" height=\"653\" class=\"aligncenter wp-image-2876\" style=\"max-width: 600px; width: 100%;\" src=\"https:\/\/minicrm.pl\/blog\/wp-content\/uploads\/2015\/11\/Screenshot-2015-11-26-10_36_53.png\" alt=\"Screenshot - 2015-11-26 , 10_36_53\" srcset=\"https:\/\/minicrm.pl\/blog\/wp-content\/uploads\/2015\/11\/Screenshot-2015-11-26-10_36_53.png 997w, https:\/\/minicrm.pl\/blog\/wp-content\/uploads\/2015\/11\/Screenshot-2015-11-26-10_36_53-300x196.png 300w, https:\/\/minicrm.pl\/blog\/wp-content\/uploads\/2015\/11\/Screenshot-2015-11-26-10_36_53-799x523.png 799w\" sizes=\"(max-width: 997px) 100vw, 997px\" \/><\/p>\n<p>Mamy nadziej\u0119, \u017ce&nbsp;wprowadzone przez nas&nbsp;funkcjonalno\u015bci pomog\u0105 Wam&nbsp;usprawni\u0107 prac\u0119 w&nbsp;Waszych firmach. A&nbsp;my&nbsp;zabieramy si\u0119&nbsp;za&nbsp;tworzenie kolejnych przydatnych funkcji w&nbsp;miniCRM! :-)<\/p>\n","protected":false},"excerpt":{"rendered":"<p>Prezentujemy zmiany i modyfikacje jakie wprowadzili\u015bmy w ostatnich tygodniach w miniCRM.<\/p>\n","protected":false},"author":1,"featured_media":2888,"comment_status":"closed","ping_status":"closed","sticky":false,"template":"","format":"standard","meta":{"footnotes":""},"categories":[1],"tags":[],"class_list":["post-2856","post","type-post","status-publish","format-standard","has-post-thumbnail","hentry","category-nowosc"],"yoast_head":"<!-- This site is optimized with the Yoast SEO plugin v28.2 - https:\/\/yoast.com\/product\/yoast-seo-wordpress\/ -->\n<title>Nowo\u015bci na pocz\u0105tek roku 2016 w miniCRM<\/title>\n<meta name=\"description\" content=\"Prezentujemy zmiany i modyfikacje jakie wprowadzili\u015bmy w ostatnich tygodniach w miniCRM.\" \/>\n<meta name=\"robots\" content=\"index, follow, max-snippet:-1, max-image-preview:large, max-video-preview:-1\" \/>\n<link rel=\"canonical\" href=\"https:\/\/minicrm.pl\/blog\/nowe-funkcje-na-miare-2016-roku\/\" \/>\n<meta property=\"og:locale\" content=\"pl_PL\" \/>\n<meta property=\"og:type\" content=\"article\" \/>\n<meta property=\"og:title\" content=\"Nowo\u015bci na pocz\u0105tek roku 2016 w miniCRM\" \/>\n<meta property=\"og:description\" content=\"Prezentujemy zmiany i modyfikacje jakie wprowadzili\u015bmy w ostatnich tygodniach w miniCRM.\" \/>\n<meta property=\"og:url\" content=\"https:\/\/minicrm.pl\/blog\/nowe-funkcje-na-miare-2016-roku\/\" \/>\n<meta property=\"og:site_name\" content=\"Blog miniCRM \u2013 Prosty CRM online\" \/>\n<meta property=\"article:publisher\" content=\"https:\/\/www.facebook.com\/minicrm\" \/>\n<meta property=\"article:author\" content=\"https:\/\/www.facebook.com\/maksymilian.sleziak\" \/>\n<meta property=\"article:published_time\" content=\"2015-11-30T12:28:00+00:00\" \/>\n<meta property=\"article:modified_time\" content=\"2015-12-03T16:59:02+00:00\" \/>\n<meta property=\"og:image\" content=\"https:\/\/minicrm.pl\/blog\/wp-content\/uploads\/2015\/11\/GRUDZIEN\u0301-2015-1.png\" \/>\n\t<meta property=\"og:image:width\" content=\"851\" \/>\n\t<meta property=\"og:image:height\" content=\"315\" \/>\n\t<meta property=\"og:image:type\" content=\"image\/png\" \/>\n<meta name=\"author\" content=\"maxbmx\" \/>\n<meta name=\"twitter:card\" content=\"summary_large_image\" \/>\n<meta name=\"twitter:creator\" content=\"@maxbmx\" \/>\n<meta name=\"twitter:site\" content=\"@minicrm_pl\" \/>\n<meta name=\"twitter:label1\" content=\"Napisane przez\" \/>\n\t<meta name=\"twitter:data1\" content=\"maxbmx\" \/>\n\t<meta name=\"twitter:label2\" content=\"Szacowany czas czytania\" \/>\n\t<meta name=\"twitter:data2\" content=\"3 minuty\" \/>\n<script type=\"application\/ld+json\" class=\"yoast-schema-graph\">{\"@context\":\"https:\\\/\\\/schema.org\",\"@graph\":[{\"@type\":\"Article\",\"@id\":\"https:\\\/\\\/minicrm.pl\\\/blog\\\/nowe-funkcje-na-miare-2016-roku\\\/#article\",\"isPartOf\":{\"@id\":\"https:\\\/\\\/minicrm.pl\\\/blog\\\/nowe-funkcje-na-miare-2016-roku\\\/\"},\"author\":{\"name\":\"maxbmx\",\"@id\":\"https:\\\/\\\/minicrm.pl\\\/blog\\\/#\\\/schema\\\/person\\\/f8d4f3caec9d2d6a0f1890442cf2bcf3\"},\"headline\":\"Nowe funkcje w miniCRM na miar\u0119 2016 roku\",\"datePublished\":\"2015-11-30T12:28:00+00:00\",\"dateModified\":\"2015-12-03T16:59:02+00:00\",\"mainEntityOfPage\":{\"@id\":\"https:\\\/\\\/minicrm.pl\\\/blog\\\/nowe-funkcje-na-miare-2016-roku\\\/\"},\"wordCount\":643,\"image\":{\"@id\":\"https:\\\/\\\/minicrm.pl\\\/blog\\\/nowe-funkcje-na-miare-2016-roku\\\/#primaryimage\"},\"thumbnailUrl\":\"https:\\\/\\\/minicrm.pl\\\/blog\\\/wp-content\\\/uploads\\\/2015\\\/11\\\/GRUDZIEN\u0301-2015-1.png\",\"articleSection\":[\"Nowo\u015bci\"],\"inLanguage\":\"pl-PL\"},{\"@type\":\"WebPage\",\"@id\":\"https:\\\/\\\/minicrm.pl\\\/blog\\\/nowe-funkcje-na-miare-2016-roku\\\/\",\"url\":\"https:\\\/\\\/minicrm.pl\\\/blog\\\/nowe-funkcje-na-miare-2016-roku\\\/\",\"name\":\"Nowo\u015bci na pocz\u0105tek roku 2016 w miniCRM\",\"isPartOf\":{\"@id\":\"https:\\\/\\\/minicrm.pl\\\/blog\\\/#website\"},\"primaryImageOfPage\":{\"@id\":\"https:\\\/\\\/minicrm.pl\\\/blog\\\/nowe-funkcje-na-miare-2016-roku\\\/#primaryimage\"},\"image\":{\"@id\":\"https:\\\/\\\/minicrm.pl\\\/blog\\\/nowe-funkcje-na-miare-2016-roku\\\/#primaryimage\"},\"thumbnailUrl\":\"https:\\\/\\\/minicrm.pl\\\/blog\\\/wp-content\\\/uploads\\\/2015\\\/11\\\/GRUDZIEN\u0301-2015-1.png\",\"datePublished\":\"2015-11-30T12:28:00+00:00\",\"dateModified\":\"2015-12-03T16:59:02+00:00\",\"author\":{\"@id\":\"https:\\\/\\\/minicrm.pl\\\/blog\\\/#\\\/schema\\\/person\\\/f8d4f3caec9d2d6a0f1890442cf2bcf3\"},\"description\":\"Prezentujemy zmiany i modyfikacje jakie wprowadzili\u015bmy w ostatnich tygodniach w miniCRM.\",\"breadcrumb\":{\"@id\":\"https:\\\/\\\/minicrm.pl\\\/blog\\\/nowe-funkcje-na-miare-2016-roku\\\/#breadcrumb\"},\"inLanguage\":\"pl-PL\",\"potentialAction\":[{\"@type\":\"ReadAction\",\"target\":[\"https:\\\/\\\/minicrm.pl\\\/blog\\\/nowe-funkcje-na-miare-2016-roku\\\/\"]}]},{\"@type\":\"ImageObject\",\"inLanguage\":\"pl-PL\",\"@id\":\"https:\\\/\\\/minicrm.pl\\\/blog\\\/nowe-funkcje-na-miare-2016-roku\\\/#primaryimage\",\"url\":\"https:\\\/\\\/minicrm.pl\\\/blog\\\/wp-content\\\/uploads\\\/2015\\\/11\\\/GRUDZIEN\u0301-2015-1.png\",\"contentUrl\":\"https:\\\/\\\/minicrm.pl\\\/blog\\\/wp-content\\\/uploads\\\/2015\\\/11\\\/GRUDZIEN\u0301-2015-1.png\",\"width\":851,\"height\":315},{\"@type\":\"BreadcrumbList\",\"@id\":\"https:\\\/\\\/minicrm.pl\\\/blog\\\/nowe-funkcje-na-miare-2016-roku\\\/#breadcrumb\",\"itemListElement\":[{\"@type\":\"ListItem\",\"position\":1,\"name\":\"Strona g\u0142\u00f3wna\",\"item\":\"https:\\\/\\\/minicrm.pl\\\/blog\\\/\"},{\"@type\":\"ListItem\",\"position\":2,\"name\":\"Nowe funkcje w miniCRM na miar\u0119 2016 roku\"}]},{\"@type\":\"WebSite\",\"@id\":\"https:\\\/\\\/minicrm.pl\\\/blog\\\/#website\",\"url\":\"https:\\\/\\\/minicrm.pl\\\/blog\\\/\",\"name\":\"Blog miniCRM \u2013 Prosty CRM online\",\"description\":\"Porady i ciekawe informacje na temat prowadzenia firmy, produktywno\u015bci i nowo\u015bci w miniCRM - Prostym CRM online dla ma\u0142ych firm.\",\"potentialAction\":[{\"@type\":\"SearchAction\",\"target\":{\"@type\":\"EntryPoint\",\"urlTemplate\":\"https:\\\/\\\/minicrm.pl\\\/blog\\\/?s={search_term_string}\"},\"query-input\":{\"@type\":\"PropertyValueSpecification\",\"valueRequired\":true,\"valueName\":\"search_term_string\"}}],\"inLanguage\":\"pl-PL\"},{\"@type\":\"Person\",\"@id\":\"https:\\\/\\\/minicrm.pl\\\/blog\\\/#\\\/schema\\\/person\\\/f8d4f3caec9d2d6a0f1890442cf2bcf3\",\"name\":\"maxbmx\",\"image\":{\"@type\":\"ImageObject\",\"inLanguage\":\"pl-PL\",\"@id\":\"https:\\\/\\\/secure.gravatar.com\\\/avatar\\\/196feecd67a35cc67907aaeaa937ea4d349865d191fe42461f41eb9a1c012346?s=96&d=mm&r=g\",\"url\":\"https:\\\/\\\/secure.gravatar.com\\\/avatar\\\/196feecd67a35cc67907aaeaa937ea4d349865d191fe42461f41eb9a1c012346?s=96&d=mm&r=g\",\"contentUrl\":\"https:\\\/\\\/secure.gravatar.com\\\/avatar\\\/196feecd67a35cc67907aaeaa937ea4d349865d191fe42461f41eb9a1c012346?s=96&d=mm&r=g\",\"caption\":\"maxbmx\"},\"description\":\"W bran\u017cy internetowej od 10 lat. W miniCRM odpowiedzialny za rozw\u00f3j aplikacji i dzia\u0142ania promocyjne. Prywatnie interesuje si\u0119 kolarstwem g\u00f3rskim i sprz\u0119tem Apple.\",\"sameAs\":[\"http:\\\/\\\/minicrm.pl\",\"https:\\\/\\\/www.facebook.com\\\/maksymilian.sleziak\",\"https:\\\/\\\/x.com\\\/maxbmx\"],\"url\":\"https:\\\/\\\/minicrm.pl\\\/blog\\\/author\\\/maxbmx\\\/\"}]}<\/script>\n<!-- \/ Yoast SEO plugin. -->","yoast_head_json":{"title":"Nowo\u015bci na pocz\u0105tek roku 2016 w miniCRM","description":"Prezentujemy zmiany i modyfikacje jakie wprowadzili\u015bmy w ostatnich tygodniach w miniCRM.","robots":{"index":"index","follow":"follow","max-snippet":"max-snippet:-1","max-image-preview":"max-image-preview:large","max-video-preview":"max-video-preview:-1"},"canonical":"https:\/\/minicrm.pl\/blog\/nowe-funkcje-na-miare-2016-roku\/","og_locale":"pl_PL","og_type":"article","og_title":"Nowo\u015bci na pocz\u0105tek roku 2016 w miniCRM","og_description":"Prezentujemy zmiany i modyfikacje jakie wprowadzili\u015bmy w ostatnich tygodniach w miniCRM.","og_url":"https:\/\/minicrm.pl\/blog\/nowe-funkcje-na-miare-2016-roku\/","og_site_name":"Blog miniCRM \u2013 Prosty CRM online","article_publisher":"https:\/\/www.facebook.com\/minicrm","article_author":"https:\/\/www.facebook.com\/maksymilian.sleziak","article_published_time":"2015-11-30T12:28:00+00:00","article_modified_time":"2015-12-03T16:59:02+00:00","og_image":[{"width":851,"height":315,"url":"https:\/\/minicrm.pl\/blog\/wp-content\/uploads\/2015\/11\/GRUDZIEN\u0301-2015-1.png","type":"image\/png"}],"author":"maxbmx","twitter_card":"summary_large_image","twitter_creator":"@maxbmx","twitter_site":"@minicrm_pl","twitter_misc":{"Napisane przez":"maxbmx","Szacowany czas czytania":"3 minuty"},"schema":{"@context":"https:\/\/schema.org","@graph":[{"@type":"Article","@id":"https:\/\/minicrm.pl\/blog\/nowe-funkcje-na-miare-2016-roku\/#article","isPartOf":{"@id":"https:\/\/minicrm.pl\/blog\/nowe-funkcje-na-miare-2016-roku\/"},"author":{"name":"maxbmx","@id":"https:\/\/minicrm.pl\/blog\/#\/schema\/person\/f8d4f3caec9d2d6a0f1890442cf2bcf3"},"headline":"Nowe funkcje w miniCRM na miar\u0119 2016 roku","datePublished":"2015-11-30T12:28:00+00:00","dateModified":"2015-12-03T16:59:02+00:00","mainEntityOfPage":{"@id":"https:\/\/minicrm.pl\/blog\/nowe-funkcje-na-miare-2016-roku\/"},"wordCount":643,"image":{"@id":"https:\/\/minicrm.pl\/blog\/nowe-funkcje-na-miare-2016-roku\/#primaryimage"},"thumbnailUrl":"https:\/\/minicrm.pl\/blog\/wp-content\/uploads\/2015\/11\/GRUDZIEN\u0301-2015-1.png","articleSection":["Nowo\u015bci"],"inLanguage":"pl-PL"},{"@type":"WebPage","@id":"https:\/\/minicrm.pl\/blog\/nowe-funkcje-na-miare-2016-roku\/","url":"https:\/\/minicrm.pl\/blog\/nowe-funkcje-na-miare-2016-roku\/","name":"Nowo\u015bci na pocz\u0105tek roku 2016 w miniCRM","isPartOf":{"@id":"https:\/\/minicrm.pl\/blog\/#website"},"primaryImageOfPage":{"@id":"https:\/\/minicrm.pl\/blog\/nowe-funkcje-na-miare-2016-roku\/#primaryimage"},"image":{"@id":"https:\/\/minicrm.pl\/blog\/nowe-funkcje-na-miare-2016-roku\/#primaryimage"},"thumbnailUrl":"https:\/\/minicrm.pl\/blog\/wp-content\/uploads\/2015\/11\/GRUDZIEN\u0301-2015-1.png","datePublished":"2015-11-30T12:28:00+00:00","dateModified":"2015-12-03T16:59:02+00:00","author":{"@id":"https:\/\/minicrm.pl\/blog\/#\/schema\/person\/f8d4f3caec9d2d6a0f1890442cf2bcf3"},"description":"Prezentujemy zmiany i modyfikacje jakie wprowadzili\u015bmy w ostatnich tygodniach w miniCRM.","breadcrumb":{"@id":"https:\/\/minicrm.pl\/blog\/nowe-funkcje-na-miare-2016-roku\/#breadcrumb"},"inLanguage":"pl-PL","potentialAction":[{"@type":"ReadAction","target":["https:\/\/minicrm.pl\/blog\/nowe-funkcje-na-miare-2016-roku\/"]}]},{"@type":"ImageObject","inLanguage":"pl-PL","@id":"https:\/\/minicrm.pl\/blog\/nowe-funkcje-na-miare-2016-roku\/#primaryimage","url":"https:\/\/minicrm.pl\/blog\/wp-content\/uploads\/2015\/11\/GRUDZIEN\u0301-2015-1.png","contentUrl":"https:\/\/minicrm.pl\/blog\/wp-content\/uploads\/2015\/11\/GRUDZIEN\u0301-2015-1.png","width":851,"height":315},{"@type":"BreadcrumbList","@id":"https:\/\/minicrm.pl\/blog\/nowe-funkcje-na-miare-2016-roku\/#breadcrumb","itemListElement":[{"@type":"ListItem","position":1,"name":"Strona g\u0142\u00f3wna","item":"https:\/\/minicrm.pl\/blog\/"},{"@type":"ListItem","position":2,"name":"Nowe funkcje w miniCRM na miar\u0119 2016 roku"}]},{"@type":"WebSite","@id":"https:\/\/minicrm.pl\/blog\/#website","url":"https:\/\/minicrm.pl\/blog\/","name":"Blog miniCRM \u2013 Prosty CRM online","description":"Porady i ciekawe informacje na temat prowadzenia firmy, produktywno\u015bci i nowo\u015bci w miniCRM - Prostym CRM online dla ma\u0142ych firm.","potentialAction":[{"@type":"SearchAction","target":{"@type":"EntryPoint","urlTemplate":"https:\/\/minicrm.pl\/blog\/?s={search_term_string}"},"query-input":{"@type":"PropertyValueSpecification","valueRequired":true,"valueName":"search_term_string"}}],"inLanguage":"pl-PL"},{"@type":"Person","@id":"https:\/\/minicrm.pl\/blog\/#\/schema\/person\/f8d4f3caec9d2d6a0f1890442cf2bcf3","name":"maxbmx","image":{"@type":"ImageObject","inLanguage":"pl-PL","@id":"https:\/\/secure.gravatar.com\/avatar\/196feecd67a35cc67907aaeaa937ea4d349865d191fe42461f41eb9a1c012346?s=96&d=mm&r=g","url":"https:\/\/secure.gravatar.com\/avatar\/196feecd67a35cc67907aaeaa937ea4d349865d191fe42461f41eb9a1c012346?s=96&d=mm&r=g","contentUrl":"https:\/\/secure.gravatar.com\/avatar\/196feecd67a35cc67907aaeaa937ea4d349865d191fe42461f41eb9a1c012346?s=96&d=mm&r=g","caption":"maxbmx"},"description":"W bran\u017cy internetowej od 10 lat. W miniCRM odpowiedzialny za rozw\u00f3j aplikacji i dzia\u0142ania promocyjne. Prywatnie interesuje si\u0119 kolarstwem g\u00f3rskim i sprz\u0119tem Apple.","sameAs":["http:\/\/minicrm.pl","https:\/\/www.facebook.com\/maksymilian.sleziak","https:\/\/x.com\/maxbmx"],"url":"https:\/\/minicrm.pl\/blog\/author\/maxbmx\/"}]}},"_links":{"self":[{"href":"https:\/\/minicrm.pl\/blog\/wp-json\/wp\/v2\/posts\/2856","targetHints":{"allow":["GET"]}}],"collection":[{"href":"https:\/\/minicrm.pl\/blog\/wp-json\/wp\/v2\/posts"}],"about":[{"href":"https:\/\/minicrm.pl\/blog\/wp-json\/wp\/v2\/types\/post"}],"author":[{"embeddable":true,"href":"https:\/\/minicrm.pl\/blog\/wp-json\/wp\/v2\/users\/1"}],"replies":[{"embeddable":true,"href":"https:\/\/minicrm.pl\/blog\/wp-json\/wp\/v2\/comments?post=2856"}],"version-history":[{"count":20,"href":"https:\/\/minicrm.pl\/blog\/wp-json\/wp\/v2\/posts\/2856\/revisions"}],"predecessor-version":[{"id":2891,"href":"https:\/\/minicrm.pl\/blog\/wp-json\/wp\/v2\/posts\/2856\/revisions\/2891"}],"wp:featuredmedia":[{"embeddable":true,"href":"https:\/\/minicrm.pl\/blog\/wp-json\/wp\/v2\/media\/2888"}],"wp:attachment":[{"href":"https:\/\/minicrm.pl\/blog\/wp-json\/wp\/v2\/media?parent=2856"}],"wp:term":[{"taxonomy":"category","embeddable":true,"href":"https:\/\/minicrm.pl\/blog\/wp-json\/wp\/v2\/categories?post=2856"},{"taxonomy":"post_tag","embeddable":true,"href":"https:\/\/minicrm.pl\/blog\/wp-json\/wp\/v2\/tags?post=2856"}],"curies":[{"name":"wp","href":"https:\/\/api.w.org\/{rel}","templated":true}]}}